{"id":151250,"date":"2025-11-14T01:58:13","date_gmt":"2025-11-14T01:58:13","guid":{"rendered":"https:\/\/www.europesays.com\/pt\/151250\/"},"modified":"2025-11-14T01:58:13","modified_gmt":"2025-11-14T01:58:13","slug":"ja-abriu-a-primeira-loja-mercadona-em-lisboa-nit","status":"publish","type":"post","link":"https:\/\/www.europesays.com\/pt\/151250\/","title":{"rendered":"j\u00e1 abriu a primeira loja Mercadona em Lisboa \u2014 NiT"},"content":{"rendered":"<p>Desde 2019 que a Mercadona abre lojas um pouco por todo o Pa\u00eds e, durante todo esse tempo, Lisboa ficou a aguardar pela sua vez. A espera terminou esta quinta-feira, 13 de novembro, com a inaugura\u00e7\u00e3o do primeiro supermercado da marca na capital. A segunda loja j\u00e1 tem previs\u00e3o e chega nos primeiros meses de 2026.<\/p>\n<p>O novo espa\u00e7o localiza-se na Alta de Lisboa, na Rua Herm\u00ednio da Palma In\u00e1cio, e criou 90 postos de trabalho. Com uma \u00e1rea de vendas superior a 1900 metros quadrados, a loja apresenta corredores amplos distribu\u00eddos pelas sec\u00e7\u00f5es de charcutaria, peixaria, pastelaria e padaria, perfumaria, talho, frutas e legumes e pronto a comer.<\/p>\n<p>\u201cTer uma loja na capital era uma grande ambi\u00e7\u00e3o para a Mercadona e podemos afirmar que hoje \u00e9 um dia feliz para esta equipa de mais de sete mil pessoas no Pa\u00eds, onde todos trabalham diariamente para estarmos cada vez mais perto dos nossos portugueses. Lisboa entra assim no mapa de lojas da Mercadona, e com um escrit\u00f3rio complementar de apoio \u00e0 opera\u00e7\u00e3o, 6 anos ap\u00f3s termos iniciado o nosso plano de expans\u00e3o em Portugal\u201d, afirmou Ana Carreto, diretora de rela\u00e7\u00f5es externas do distrito de Lisboa da marca.<\/p>\n<p>A constru\u00e7\u00e3o deste primeiro supermercado na capital envolveu um investimento de 18 milh\u00f5es de euros. O espa\u00e7o integra loja e escrit\u00f3rios, que ir\u00e3o complementar o escrit\u00f3rio j\u00e1 existente em Vila Nova de Gaia, inaugurado em 2020.<\/p>\n<p>A estreia da Mercadona em territ\u00f3rio nacional aconteceu em 2019, em Canidelo, Vila Nova de Gaia. Desde ent\u00e3o, a marca tem refor\u00e7ado a sua presen\u00e7a em Portugal e conta com mais de cinco mil colaboradores no pa\u00eds.<\/p>\n<p>Na Grande Lisboa, a Mercadona j\u00e1 abriu sete lojas: tr\u00eas no concelho de Sintra, uma em Loures, uma em Oeiras, uma em Alverca e uma em Torres Vedras.<\/p>\n<p>Carregue na galeria para descobrir a nova loja de Lisboa.<\/p>\n","protected":false},"excerpt":{"rendered":"Desde 2019 que a Mercadona abre lojas um pouco por todo o Pa\u00eds e, durante todo esse tempo,&hellip;\n","protected":false},"author":2,"featured_media":151251,"comment_status":"","ping_status":"","sticky":false,"template":"","format":"standard","meta":{"footnotes":""},"categories":[83],"tags":[88,89,90,32,33],"class_list":{"0":"post-151250","1":"post","2":"type-post","3":"status-publish","4":"format-standard","5":"has-post-thumbnail","7":"category-empresas","8":"tag-business","9":"tag-economy","10":"tag-empresas","11":"tag-portugal","12":"tag-pt"},"share_on_mastodon":{"url":"https:\/\/pubeurope.com\/@pt\/115545578048564295","error":""},"_links":{"self":[{"href":"https:\/\/www.europesays.com\/pt\/wp-json\/wp\/v2\/posts\/151250","targetHints":{"allow":["GET"]}}],"collection":[{"href":"https:\/\/www.europesays.com\/pt\/wp-json\/wp\/v2\/posts"}],"about":[{"href":"https:\/\/www.europesays.com\/pt\/wp-json\/wp\/v2\/types\/post"}],"author":[{"embeddable":true,"href":"https:\/\/www.europesays.com\/pt\/wp-json\/wp\/v2\/users\/2"}],"replies":[{"embeddable":true,"href":"https:\/\/www.europesays.com\/pt\/wp-json\/wp\/v2\/comments?post=151250"}],"version-history":[{"count":0,"href":"https:\/\/www.europesays.com\/pt\/wp-json\/wp\/v2\/posts\/151250\/revisions"}],"wp:featuredmedia":[{"embeddable":true,"href":"https:\/\/www.europesays.com\/pt\/wp-json\/wp\/v2\/media\/151251"}],"wp:attachment":[{"href":"https:\/\/www.europesays.com\/pt\/wp-json\/wp\/v2\/media?parent=151250"}],"wp:term":[{"taxonomy":"category","embeddable":true,"href":"https:\/\/www.europesays.com\/pt\/wp-json\/wp\/v2\/categories?post=151250"},{"taxonomy":"post_tag","embeddable":true,"href":"https:\/\/www.europesays.com\/pt\/wp-json\/wp\/v2\/tags?post=151250"}],"curies":[{"name":"wp","href":"https:\/\/api.w.org\/{rel}","templated":true}]}}