{"id":151257,"date":"2025-11-14T02:07:14","date_gmt":"2025-11-14T02:07:14","guid":{"rendered":"https:\/\/www.europesays.com\/pt\/151257\/"},"modified":"2025-11-14T02:07:14","modified_gmt":"2025-11-14T02:07:14","slug":"saiba-onde-assistir-aos-filmes-preferidos-do-papa-leao-xiv","status":"publish","type":"post","link":"https:\/\/www.europesays.com\/pt\/151257\/","title":{"rendered":"Saiba onde assistir aos filmes preferidos do Papa Le\u00e3o XIV"},"content":{"rendered":"<p class=\"postParagraph_post-paragraph__juWZN postParagraph_post-paragraph-innerHtml__Q5vwc\">Amigos pr\u00f3ximos de Robert Francis Prevost, do tempo em que o religioso nem sonhava em ser escolhido como Papa Le\u00e3o XIV, s\u00e3o categ\u00f3ricos em dizer que ele adora assistir a filmes. Quem afirma \u00e9 o pr\u00f3prio <a href=\"https:\/\/www.vaticannews.va\/pt\/papa\/news\/2025-11\/papa-se-encontrara-com-artistas-do-cinema-de-atores-a-diretores.html\" target=\"_blank\" rel=\"noreferrer noopener nofollow\">site do Vaticano<\/a>, que confirmou um encontro do Sumo Pont\u00edfice com atores e diretores de cinema no pr\u00f3ximo s\u00e1bado (15). A a\u00e7\u00e3o tem como objetivo \u201cexplorar as possibilidades que a criatividade art\u00edstica oferece \u00e0 miss\u00e3o da Igreja e \u00e0 promo\u00e7\u00e3o dos valores humanos\u201d, como detalhado pela Santa S\u00e9.<\/p>\n<p class=\"postParagraph_post-paragraph__juWZN postParagraph_post-paragraph-innerHtml__Q5vwc\">Na ocasi\u00e3o, o papa vai falar um pouco mais sobre alguns filmes que, para ele, marcaram sua vida. A Gazeta do Povo traz a lista dos quatro filmes selecionados por Le\u00e3o XIV e a indica\u00e7\u00e3o de onde assistir nos servi\u00e7os de streaming.<\/p>\n<p>A Felicidade N\u00e3o Se Compra (1946)<\/p>\n<p class=\"postParagraph_post-paragraph__juWZN postParagraph_post-paragraph-innerHtml__Q5vwc\">\u201cA Felicidade N\u00e3o Se Compra\u201d \u00e9 um cl\u00e1ssico atemporal de 1946 que mistura fantasia e espiritualidade para contar a hist\u00f3ria de George Bailey, um homem desesperado que recebe a visita de um anjo em um momento cr\u00edtico. Prestes a tirar a pr\u00f3pria vida por causa de problemas financeiros, George \u00e9 levado a refletir sobre o impacto positivo que teve na vida das pessoas ao seu redor.<\/p>\n<p class=\"postParagraph_post-paragraph__juWZN postParagraph_post-paragraph-innerHtml__Q5vwc\">O filme, dirigido por Frank Capra, \u00e9 uma ode \u00e0 empatia, \u00e0 comunidade e ao valor da vida. James Stewart entrega uma atua\u00e7\u00e3o comovente como George, capturando a ang\u00fastia e a generosidade do personagem. A narrativa \u00e9 constru\u00edda com sensibilidade, revelando como pequenos gestos podem transformar o mundo de algu\u00e9m.<\/p>\n<p class=\"postParagraph_post-paragraph__juWZN postParagraph_post-paragraph-innerHtml__Q5vwc\">Com sua mensagem reconfortante e inspiradora, \u201cA Felicidade N\u00e3o Se Compra\u201d tornou-se um s\u00edmbolo do esp\u00edrito natalino e da import\u00e2ncia de reconhecer o pr\u00f3prio valor. \u00c9 um filme que aquece o cora\u00e7\u00e3o e nos lembra que, mesmo nos momentos mais sombrios, h\u00e1 luz quando se olha com gratid\u00e3o e amor.<\/p>\n<p class=\"postParagraph_post-paragraph__juWZN postParagraph_post-paragraph-innerHtml__Q5vwc\"><strong>Onde assistir:\u00a0<\/strong>Prime Video.<\/p>\n<p>A Novi\u00e7a Rebelde (1965)<\/p>\n<p class=\"postParagraph_post-paragraph__juWZN postParagraph_post-paragraph-innerHtml__Q5vwc\">\u201cA Novi\u00e7a Rebelde\u201d \u00e9 um cl\u00e1ssico musical de 1965 que combina hist\u00f3ria, m\u00fasica e emo\u00e7\u00e3o em uma narrativa encantadora. Baseado na hist\u00f3ria real da fam\u00edlia Von Trapp, o filme acompanha Maria, uma jovem criada em um convento que se torna governanta dos sete filhos do Capit\u00e3o Von Trapp. Com sua alegria contagiante e amor pela m\u00fasica, ela transforma a vida da fam\u00edlia e conquista seus cora\u00e7\u00f5es.<\/p>\n<p class=\"postParagraph_post-paragraph__juWZN postParagraph_post-paragraph-innerHtml__Q5vwc\">O filme se destaca pelas can\u00e7\u00f5es memor\u00e1veis, como \u201cDo-Re-Mi\u201d e \u201cMy Favorite Things\u201d, que se tornaram \u00edcones da cultura pop. A atua\u00e7\u00e3o de Julie Andrews como Maria \u00e9 carism\u00e1tica e inspiradora, enquanto Christopher Plummer traz profundidade ao papel do r\u00edgido capit\u00e3o. A ambienta\u00e7\u00e3o nos Alpes austr\u00edacos e a fotografia deslumbrante contribuem para a atmosfera m\u00e1gica da obra.<\/p>\n<p class=\"postParagraph_post-paragraph__juWZN postParagraph_post-paragraph-innerHtml__Q5vwc\">Al\u00e9m do romance e da m\u00fasica, o filme aborda temas s\u00e9rios como a resist\u00eancia ao regime nazista, oferecendo uma mensagem de coragem e liberdade. \u201cA Novi\u00e7a Rebelde\u201d \u00e9 mais do que um musical \u2014 \u00e9 uma celebra\u00e7\u00e3o da esperan\u00e7a em tempos sombrios, e continua a emocionar gera\u00e7\u00f5es com sua beleza e humanidade.<\/p>\n<p class=\"postParagraph_post-paragraph__juWZN postParagraph_post-paragraph-innerHtml__Q5vwc\"><strong>Onde assistir:<\/strong> Disney+ e dispon\u00edvel para loca\u00e7\u00e3o no Prime Video.<\/p>\n<p>Gente Como A Gente (1980)<\/p>\n<p class=\"postParagraph_post-paragraph__juWZN postParagraph_post-paragraph-innerHtml__Q5vwc\">\u201cGente Como a Gente\u201d \u00e9 um drama psicol\u00f3gico intenso que mergulha nas complexidades emocionais de uma fam\u00edlia de classe m\u00e9dia-alta devastada por uma trag\u00e9dia. O filme, dirigido por Robert Redford, acompanha os efeitos da morte de um dos filhos sobre os pais e o irm\u00e3o sobrevivente, explorando temas como culpa, luto e repress\u00e3o emocional. Donald Sutherland e Mary Tyler Moore entregam atua\u00e7\u00f5es poderosas, revelando as fissuras de uma vida aparentemente perfeita.<\/p>\n<p class=\"postParagraph_post-paragraph__juWZN postParagraph_post-paragraph-innerHtml__Q5vwc\">A narrativa se desenrola com sensibilidade e profundidade, revelando aos poucos os traumas que cada personagem carrega. O jovem Conrad, interpretado por Timothy Hutton, luta para se reconectar com a vida ap\u00f3s uma tentativa de suic\u00eddio, enquanto seus pais enfrentam a dor de maneiras opostas \u2014 a m\u00e3e com frieza e nega\u00e7\u00e3o, o pai com empatia e confus\u00e3o. O filme evita solu\u00e7\u00f5es f\u00e1ceis, optando por uma abordagem realista e dolorosa.<\/p>\n<p class=\"postParagraph_post-paragraph__juWZN postParagraph_post-paragraph-innerHtml__Q5vwc\">Vencedor do Oscar de Melhor Filme em 1981, \u201cGente Como a Gente\u201d \u00e9 uma obra que desafia o espectador a refletir sobre os limites da comunica\u00e7\u00e3o familiar e o impacto do sofrimento n\u00e3o verbalizado. \u00c9 um retrato comovente da fragilidade humana e da import\u00e2ncia do acolhimento emocional, mesmo quando tudo parece desmoronar.<\/p>\n<p class=\"postParagraph_post-paragraph__juWZN postParagraph_post-paragraph-innerHtml__Q5vwc\"><strong>Onde assistir:<\/strong> AppleTV e dispon\u00edvel para loca\u00e7\u00e3o no Prime Video.<\/p>\n<p>A Vida \u00c9 Bela (1997)<\/p>\n<p class=\"postParagraph_post-paragraph__juWZN postParagraph_post-paragraph-innerHtml__Q5vwc\">\u201cA Vida \u00c9 Bela\u201d, dirigido e estrelado por Roberto Benigni, \u00e9 uma obra-prima que mistura com\u00e9dia, drama e trag\u00e9dia de forma \u00fanica. Ambientado durante a Segunda Guerra Mundial, o filme conta a hist\u00f3ria de Guido, um judeu italiano que usa sua imagina\u00e7\u00e3o para proteger seu filho dos horrores de um campo de concentra\u00e7\u00e3o nazista. A abordagem l\u00fadica diante da brutalidade hist\u00f3rica \u00e9 ao mesmo tempo tocante e perturbadora.<\/p>\n<p class=\"postParagraph_post-paragraph__juWZN postParagraph_post-paragraph-innerHtml__Q5vwc\">O filme se destaca pela ternura com que Guido transforma o sofrimento em um jogo para preservar a inoc\u00eancia do filho. A atua\u00e7\u00e3o de Benigni \u00e9 cativante, equilibrando humor e dor com maestria. Nicoletta Braschi, como Dora, tamb\u00e9m oferece uma performance comovente, refor\u00e7ando os la\u00e7os familiares como fonte de resist\u00eancia emocional.<\/p>\n<p class=\"postParagraph_post-paragraph__juWZN postParagraph_post-paragraph-innerHtml__Q5vwc\">Vencedor de tr\u00eas Oscars, incluindo Melhor Ator e Melhor Filme Estrangeiro, \u201cA Vida \u00c9 Bela\u201d \u00e9 uma celebra\u00e7\u00e3o da esperan\u00e7a em meio \u00e0 desumanidade. Sua mensagem sobre o poder do amor e da imagina\u00e7\u00e3o diante do sofrimento \u00e9 universal e inesquec\u00edvel, tornando-o um dos filmes mais impactantes do cinema moderno.<\/p>\n<p class=\"postParagraph_post-paragraph__juWZN postParagraph_post-paragraph-innerHtml__Q5vwc\"><strong>Onde assistir:\u00a0<\/strong>dispon\u00edvel para loca\u00e7\u00e3o no Prime Video.<\/p>\n","protected":false},"excerpt":{"rendered":"Amigos pr\u00f3ximos de Robert Francis Prevost, do tempo em que o religioso nem sonhava em ser escolhido como&hellip;\n","protected":false},"author":2,"featured_media":151258,"comment_status":"","ping_status":"","sticky":false,"template":"","format":"standard","meta":{"footnotes":""},"categories":[140],"tags":[114,115,147,148,146,811,32,33,5598],"class_list":{"0":"post-151257","1":"post","2":"type-post","3":"status-publish","4":"format-standard","5":"has-post-thumbnail","7":"category-filmes","8":"tag-entertainment","9":"tag-entretenimento","10":"tag-film","11":"tag-filmes","12":"tag-movies","13":"tag-papa-leao-xiv","14":"tag-portugal","15":"tag-pt","16":"tag-vaticano"},"share_on_mastodon":{"url":"https:\/\/pubeurope.com\/@pt\/115545613560024094","error":""},"_links":{"self":[{"href":"https:\/\/www.europesays.com\/pt\/wp-json\/wp\/v2\/posts\/151257","targetHints":{"allow":["GET"]}}],"collection":[{"href":"https:\/\/www.europesays.com\/pt\/wp-json\/wp\/v2\/posts"}],"about":[{"href":"https:\/\/www.europesays.com\/pt\/wp-json\/wp\/v2\/types\/post"}],"author":[{"embeddable":true,"href":"https:\/\/www.europesays.com\/pt\/wp-json\/wp\/v2\/users\/2"}],"replies":[{"embeddable":true,"href":"https:\/\/www.europesays.com\/pt\/wp-json\/wp\/v2\/comments?post=151257"}],"version-history":[{"count":0,"href":"https:\/\/www.europesays.com\/pt\/wp-json\/wp\/v2\/posts\/151257\/revisions"}],"wp:featuredmedia":[{"embeddable":true,"href":"https:\/\/www.europesays.com\/pt\/wp-json\/wp\/v2\/media\/151258"}],"wp:attachment":[{"href":"https:\/\/www.europesays.com\/pt\/wp-json\/wp\/v2\/media?parent=151257"}],"wp:term":[{"taxonomy":"category","embeddable":true,"href":"https:\/\/www.europesays.com\/pt\/wp-json\/wp\/v2\/categories?post=151257"},{"taxonomy":"post_tag","embeddable":true,"href":"https:\/\/www.europesays.com\/pt\/wp-json\/wp\/v2\/tags?post=151257"}],"curies":[{"name":"wp","href":"https:\/\/api.w.org\/{rel}","templated":true}]}}