{"id":151263,"date":"2025-11-14T02:12:40","date_gmt":"2025-11-14T02:12:40","guid":{"rendered":"https:\/\/www.europesays.com\/pt\/151263\/"},"modified":"2025-11-14T02:12:40","modified_gmt":"2025-11-14T02:12:40","slug":"portugal-tem-potencial-para-mais-do-que-duplicar-o-crescimento-do-pib-diz-paulo-macedo","status":"publish","type":"post","link":"https:\/\/www.europesays.com\/pt\/151263\/","title":{"rendered":"&#8220;Portugal tem potencial para mais do que duplicar o crescimento do PIB&#8221;, diz Paulo Macedo"},"content":{"rendered":"<p>        O CEO da CGD falava sobre as perspetivas para a economia portuguesa, durante a segunda edi\u00e7\u00e3o do Portugal Capital Markets Day 2025, que hoje e quinta-feira se realiza em Lisboa e \u00e9 organizado pela Euronext Lisbon e pela AEM \u2013 Associa\u00e7\u00e3o de Empresas Emitentes de Valores Cotados em Mercado.    <\/p>\n<p>O presidente executivo (CEO) da CGD, Paulo Macedo, afirmou que hoje \u201cnos pr\u00f3ximos 15 anos, Portugal tem potencial para mais do que duplicar o crescimento do PIB, dos atuais 1 a 3% para 4 a 5% ao ano\u201d.<\/p>\n<p>Para alcan\u00e7ar esse objetivo, que disse ter sido quantificado num estudo da consultora McKinsey, torna-se necess\u00e1rio resolver um conjunto de entraves \u00e0 atra\u00e7\u00e3o de capital que perduram h\u00e1 anos na economia portuguesa.<\/p>\n<p>S\u00e3o eles \u201cmenos burocracia\u201d, mais \u201cflexibilidade\u201d no mercado de trabalho e um \u201cambiente fiscal mais favor\u00e1vel\u201d ao investimento.<\/p>\n<p>O CEO da CGD falava sobre as perspetivas para a economia portuguesa, durante a segunda edi\u00e7\u00e3o do Portugal Capital Markets Day 2025, que hoje e quinta-feira se realiza em Lisboa e \u00e9 organizado pela Euronext Lisbon e pela AEM \u2013 Associa\u00e7\u00e3o de Empresas Emitentes de Valores Cotados em Mercado.<\/p>\n<p>Paulo Macedo referiu as oportunidades de investimento que se abrem para o ecossistema de startups e para as novas \u00e1reas da tecnologia, como o fabrico de baterias, ve\u00edculos el\u00e9tricos ou o investimento em sistemas de cloud, ciberseguran\u00e7a e software.<\/p>\n<p>\u201cPodemos transformar Portugal num hub de talento global, promovendo e escalando o ecossistema de startups e atraindo capital internacional para setores chave\u201d, disse.<\/p>\n<p>O gestor defendeu ainda o desenvolvimento do mercado de capitais como condi\u00e7\u00e3o para atrair capital e constituir-se como alternativa ao financiamento banc\u00e1rio, que continua a ser o principal instrumento de capitaliza\u00e7\u00e3o das empresas portuguesas.<\/p>\n<p>\u201cTemos a oportunidade, temos o momento, temos a vontade de atrair capital\u201d, disse.<\/p>\n<p>Perante uma plateia de investidores internacionais, Filipe Santos, diretor da Cat\u00f3lica Lisbon School of Business &amp; Economics apresentou o relat\u00f3rio \u201cInova\u00e7\u00e3o e Infraestruturas: conectando Portugal com o Futuro\u201d, onde defendeu as vantagens comparativas de Portugal face a outros destinos concorrentes na atra\u00e7\u00e3o de capital.<\/p>\n<p>O ecossistema de inova\u00e7\u00e3o e as infraestruturas de que Portugal disp\u00f5e, ao n\u00edvel da rede de transportes, custo da energia e redes de telecomunica\u00e7\u00f5es, s\u00e3o fatores cr\u00edticos de capta\u00e7\u00e3o de investimento, mas o relat\u00f3rio indica que \u00e9 principalmente no capital humano e na atra\u00e7\u00e3o de talento que assentam as potencialidades do crescimento econ\u00f3mico nacional.<\/p>\n<p>Essas vantagens comparativas foram tamb\u00e9m sublinhadas por respons\u00e1veis dos CTT, REN e EDP, tr\u00eas empresas cotadas na Euronext Lisbon.<\/p>\n<p>No painel sobre o duplo mandato do supervisor, de desenvolver o mercado e de proteger o investidor, o presidente da CMVM, Lu\u00eds Laginha de Sousa, afirmou que a estrat\u00e9gia de longo prazo da CMVM assenta na vis\u00e3o de que o mercado de capitais \u201c\u00e9 crucial para o crescimento sustentado da economia\u201d.<\/p>\n<p>Num pa\u00eds como Portugal, onde h\u00e1 escassez de capital e onde o financiamento das empresas \u00e9 assegurado essencialmente pela banca, o respons\u00e1vel da CMVM acredita que \u201c\u00e9 poss\u00edvel usar melhor o mercado de capitais\u201d.<\/p>\n<p>Lembrou que em outros pa\u00edses os fundos de pens\u00f5es s\u00e3o grandes investidores no mercado de capitais, mas o mesmo n\u00e3o acontece em Portugal. \u201cMas \u00e9 importante por esse dinheiro a dar receita, e de por a economia a crescer para dar retorno a capital. Gostava de ver isso materializado\u201d, reconheceu.<\/p>\n<p>Laginha de Sousa considerou ainda que \u201cuma boa supervis\u00e3o financeira d\u00e1 uma base s\u00f3lida para o desenvolvimento do mercado e garante prote\u00e7\u00e3o aos investidores. Sem ela, \u00e9 mais dif\u00edcil atrair investidores\u201d.<\/p>\n<p>No encerramento, o presidente da AEM, Miguel Athayde Marques, referiu a capacidade de Portugal, com o seu ecossistema de startups, de empresas unic\u00f3rnio e de centros de compet\u00eancias de multinacionais, em atrair e reter estudantes e trabalhadores estrangeiros qualificados.<\/p>\n","protected":false},"excerpt":{"rendered":"O CEO da CGD falava sobre as perspetivas para a economia portuguesa, durante a segunda edi\u00e7\u00e3o do Portugal&hellip;\n","protected":false},"author":2,"featured_media":151264,"comment_status":"","ping_status":"","sticky":false,"template":"","format":"standard","meta":{"footnotes":""},"categories":[83],"tags":[88,89,90,32,32818,33],"class_list":{"0":"post-151263","1":"post","2":"type-post","3":"status-publish","4":"format-standard","5":"has-post-thumbnail","7":"category-empresas","8":"tag-business","9":"tag-economy","10":"tag-empresas","11":"tag-portugal","12":"tag-portugal-capital-markets-day-2025","13":"tag-pt"},"share_on_mastodon":{"url":"https:\/\/pubeurope.com\/@pt\/115545633187735156","error":""},"_links":{"self":[{"href":"https:\/\/www.europesays.com\/pt\/wp-json\/wp\/v2\/posts\/151263","targetHints":{"allow":["GET"]}}],"collection":[{"href":"https:\/\/www.europesays.com\/pt\/wp-json\/wp\/v2\/posts"}],"about":[{"href":"https:\/\/www.europesays.com\/pt\/wp-json\/wp\/v2\/types\/post"}],"author":[{"embeddable":true,"href":"https:\/\/www.europesays.com\/pt\/wp-json\/wp\/v2\/users\/2"}],"replies":[{"embeddable":true,"href":"https:\/\/www.europesays.com\/pt\/wp-json\/wp\/v2\/comments?post=151263"}],"version-history":[{"count":0,"href":"https:\/\/www.europesays.com\/pt\/wp-json\/wp\/v2\/posts\/151263\/revisions"}],"wp:featuredmedia":[{"embeddable":true,"href":"https:\/\/www.europesays.com\/pt\/wp-json\/wp\/v2\/media\/151264"}],"wp:attachment":[{"href":"https:\/\/www.europesays.com\/pt\/wp-json\/wp\/v2\/media?parent=151263"}],"wp:term":[{"taxonomy":"category","embeddable":true,"href":"https:\/\/www.europesays.com\/pt\/wp-json\/wp\/v2\/categories?post=151263"},{"taxonomy":"post_tag","embeddable":true,"href":"https:\/\/www.europesays.com\/pt\/wp-json\/wp\/v2\/tags?post=151263"}],"curies":[{"name":"wp","href":"https:\/\/api.w.org\/{rel}","templated":true}]}}