{"id":151265,"date":"2025-11-14T02:15:11","date_gmt":"2025-11-14T02:15:11","guid":{"rendered":"https:\/\/www.europesays.com\/pt\/151265\/"},"modified":"2025-11-14T02:15:11","modified_gmt":"2025-11-14T02:15:11","slug":"marcelo-tenciona-ser-professor-na-california-e-assistir-aos-jogos-olimpicos-de-2028","status":"publish","type":"post","link":"https:\/\/www.europesays.com\/pt\/151265\/","title":{"rendered":"Marcelo tenciona ser professor na Calif\u00f3rnia e assistir aos Jogos Ol\u00edmpicos de 2028"},"content":{"rendered":"<p data-remotead-prev-elm=\"true\" data-remotead-elm-id=\"inread\">O chefe de Estado, que falava durante um encontro do Comit\u00e9 Ol\u00edmpico de Portugal, num restaurante em Lisboa, em que condecorou atletas medalhados, referiu que em 2028 ser\u00e1 &#8220;um homem livre&#8221; e poder\u00e1 viver a experi\u00eancia dos Jogos Ol\u00edmpicos de outra maneira.<\/p>\n<p>&#8220;Vou ser professor convidado na Calif\u00f3rnia e, portanto, junta-se o \u00fatil ao agrad\u00e1vel, que \u00e9 estar l\u00e1 a ensinar, convidado, no ano de 2028 e, como imaginam, \u00e9 uma condi\u00e7\u00e3o \u00fanica e privilegiada para, com mais tempo, ver mais modalidades e acompanhar mais ainda os triunfos dos nossos atletas&#8221;, declarou. <\/p>\n<p>No seu discurso, Marcelo Rebelo de Sousa considerou que os Jogos Ol\u00edmpicos de 2028 s\u00e3o &#8220;uma aposta&#8221; do Governo PSD\/CDS-PP e manifestou a expectativa de que quem lhe suceder na chefia do Estado, a partir de 9 de mar\u00e7o do pr\u00f3ximo, assistir\u00e1 a &#8220;um salto enorme na presen\u00e7a ol\u00edmpica&#8221; de Portugal.<\/p>\n<p data-remotead-prev-elm=\"true\" data-remotead-elm-id=\"centro1\">O chefe de Estado referiu que tem falado deste assunto com o primeiro-ministro nas reuni\u00f5es semanais e apontou &#8220;o entusiasmo&#8221; de Lu\u00eds Montenegro com &#8220;a aposta nos Jogos Ol\u00edmpicos de 2028&#8221; como o sinal &#8220;mais forte&#8221; de que &#8220;quer durar no m\u00ednimo quatro anos&#8221;.<\/p>\n<p>&#8220;Uma aposta, n\u00e3o podemos dizer que \u00e9 a primeira nem que \u00e9 a \u00fanica, outros governos a tiveram, para sermos justos. Mas o que \u00e9 facto \u00e9 que \u00e9 uma aposta importante, num momento em que o pa\u00eds disp\u00f5e de fundos de que n\u00e3o dispunha no passado&#8221;, acrescentou.<\/p>\n<p>Segundo o presidente da Rep\u00fablica, o executivo pretende aproveitar esses fundos para, &#8220;nas infraestruturas, nas condi\u00e7\u00f5es proporcionadas aos atletas, no est\u00edmulo das federa\u00e7\u00f5es essenciais, no apoio aos clubes, haver passos significativos, muito significativos para 2028&#8221;. <\/p>\n","protected":false},"excerpt":{"rendered":"O chefe de Estado, que falava durante um encontro do Comit\u00e9 Ol\u00edmpico de Portugal, num restaurante em Lisboa,&hellip;\n","protected":false},"author":2,"featured_media":151266,"comment_status":"","ping_status":"","sticky":false,"template":"","format":"standard","meta":{"footnotes":""},"categories":[10],"tags":[27,28,413,15,16,14,25,26,21,22,588,619,12,13,19,20,32,1963,23,24,33,17,18,29,30,31],"class_list":{"0":"post-151265","1":"post","2":"type-post","3":"status-publish","4":"format-standard","5":"has-post-thumbnail","7":"category-portugal","8":"tag-breaking-news","9":"tag-breakingnews","10":"tag-eua","11":"tag-featured-news","12":"tag-featurednews","13":"tag-headlines","14":"tag-latest-news","15":"tag-latestnews","16":"tag-main-news","17":"tag-mainnews","18":"tag-marcelo-rebelo-de-sousa","19":"tag-nacional","20":"tag-news","21":"tag-noticias","22":"tag-noticias-principais","23":"tag-noticiasprincipais","24":"tag-portugal","25":"tag-presidente-da-republica","26":"tag-principais-noticias","27":"tag-principaisnoticias","28":"tag-pt","29":"tag-top-stories","30":"tag-topstories","31":"tag-ultimas","32":"tag-ultimas-noticias","33":"tag-ultimasnoticias"},"share_on_mastodon":{"url":"https:\/\/pubeurope.com\/@pt\/115545644926883244","error":""},"_links":{"self":[{"href":"https:\/\/www.europesays.com\/pt\/wp-json\/wp\/v2\/posts\/151265","targetHints":{"allow":["GET"]}}],"collection":[{"href":"https:\/\/www.europesays.com\/pt\/wp-json\/wp\/v2\/posts"}],"about":[{"href":"https:\/\/www.europesays.com\/pt\/wp-json\/wp\/v2\/types\/post"}],"author":[{"embeddable":true,"href":"https:\/\/www.europesays.com\/pt\/wp-json\/wp\/v2\/users\/2"}],"replies":[{"embeddable":true,"href":"https:\/\/www.europesays.com\/pt\/wp-json\/wp\/v2\/comments?post=151265"}],"version-history":[{"count":0,"href":"https:\/\/www.europesays.com\/pt\/wp-json\/wp\/v2\/posts\/151265\/revisions"}],"wp:featuredmedia":[{"embeddable":true,"href":"https:\/\/www.europesays.com\/pt\/wp-json\/wp\/v2\/media\/151266"}],"wp:attachment":[{"href":"https:\/\/www.europesays.com\/pt\/wp-json\/wp\/v2\/media?parent=151265"}],"wp:term":[{"taxonomy":"category","embeddable":true,"href":"https:\/\/www.europesays.com\/pt\/wp-json\/wp\/v2\/categories?post=151265"},{"taxonomy":"post_tag","embeddable":true,"href":"https:\/\/www.europesays.com\/pt\/wp-json\/wp\/v2\/tags?post=151265"}],"curies":[{"name":"wp","href":"https:\/\/api.w.org\/{rel}","templated":true}]}}