{"id":151273,"date":"2025-11-14T02:23:10","date_gmt":"2025-11-14T02:23:10","guid":{"rendered":"https:\/\/www.europesays.com\/pt\/151273\/"},"modified":"2025-11-14T02:23:10","modified_gmt":"2025-11-14T02:23:10","slug":"grande-parte-do-meu-carater-enquanto-homem-formou-se-aqui","status":"publish","type":"post","link":"https:\/\/www.europesays.com\/pt\/151273\/","title":{"rendered":"\u00abGrande parte do meu car\u00e1ter enquanto homem formou-se aqui\u00bb"},"content":{"rendered":"<p>&#8211; Advertisement &#8211;<\/p>\n<p><strong>Adrien Silva, antigo capit\u00e3o do Sporting, recordou os anos de forma\u00e7\u00e3o no clube e agradeceu a Aur\u00e9lio Pereira pela influ\u00eancia decisiva na carreira.<\/strong><\/p>\n<p>Aos 36 anos, <a href=\"https:\/\/bolanarede.pt\/especial-bola-na-rede\/atualidade\/adrien-silva-anuncia-fim-de-carreira-o-sporting-foi-a-minha-casa\/\" target=\"_blank\" rel=\"noreferrer noopener nofollow\">Adrien Silva colocou um ponto final na carreira<\/a> e fez quest\u00e3o de visitar novamente a Academia Cristiano Ronaldo, onde iniciou o seu percurso em 2002. Entre mem\u00f3rias e emo\u00e7\u00f5es, o antigo m\u00e9dio e capit\u00e3o leonino reconheceu o papel fundamental que o Sporting teve na sua forma\u00e7\u00e3o pessoal e profissional.<\/p>\n<p>\u00abGrande parte do meu car\u00e1ter enquanto homem formou-se aqui. Al\u00e9m das viagens que fiz e das culturas que conheci e aprendi, acho que se n\u00e3o tivesse as bases da minha fam\u00edlia e, depois, o seguimento na Academia, n\u00e3o teria sido a pessoa que sou hoje.\u00a0O clube significa grande parte da minha educa\u00e7\u00e3o e forma\u00e7\u00e3o, porque aqui estamos muito tempo no campo, mas tamb\u00e9m fora, na Academia, com outros jovens e profissionais que est\u00e3o sempre presentes para dar o m\u00e1ximo de apoio quando estamos longe dos pais e, no meu caso, tamb\u00e9m do irm\u00e3o\u00bb, real\u00e7ou, em entrevista ao Jornal Sporting.<\/p>\n<p>Adrien Silva fez quest\u00e3o de deixar uma mensagem de agradecimento a <a href=\"https:\/\/bolanarede.pt\/nacional\/sporting\/aurelio-pereira-o-padrinho-dos-diamantes-verdes\/\" target=\"_blank\" rel=\"noreferrer noopener nofollow\">Aur\u00e9lio Pereira<\/a>, antigo olheiro do Sporting.<\/p>\n<p>\u00abNunca vou esquecer tudo o que fez, tanto por mim como pelas outras crian\u00e7as, uns que chegaram a profissionais e outros n\u00e3o, mas em todos teve impacto. Tinha sempre uma palavra amiga e de conselho ou piadas para nos animar quando os momentos n\u00e3o eram t\u00e3o bons\u00bb, afirmou.<\/p>\n<p>O ex-internacional portugu\u00eas destacou o orgulho de ter sido capit\u00e3o do clube que o formou.<\/p>\n<p>\u00abDei tudo e mais alguma coisa. N\u00e3o deixei nada por dar no dia a dia, quer dentro como fora da Academia. Cheguei at\u00e9 onde n\u00e3o podia mais e foi nisso que me foquei durante todos estes anos. A entrega n\u00e3o podia faltar. Ser capit\u00e3o \u00e9 uma quest\u00e3o de car\u00e1ter e algo natural. \u00c9 um privil\u00e9gio estar naquele quadro ao lado de grandes capit\u00e3es do nosso clube ao longo dos anos. Deixar esse legado e que os meus filhos o possam ver \u00e9 um trof\u00e9u muito grande\u00bb, concluiu, emocionado.<\/p>\n<p>Adrien Silva jogou ao todo oito temporadas na equipa principal do <a href=\"https:\/\/bolanarede.pt\/etiqueta\/sporting\/\" target=\"_blank\" rel=\"noreferrer noopener nofollow\">Sporting<\/a>, com 242 jogos pelo clube.<\/p>\n","protected":false},"excerpt":{"rendered":"&#8211; Advertisement &#8211; Adrien Silva, antigo capit\u00e3o do Sporting, recordou os anos de forma\u00e7\u00e3o no clube e agradeceu&hellip;\n","protected":false},"author":2,"featured_media":151274,"comment_status":"","ping_status":"","sticky":false,"template":"","format":"standard","meta":{"footnotes":""},"categories":[87],"tags":[10030,17551,260,135,32,479,33,34,134],"class_list":{"0":"post-151273","1":"post","2":"type-post","3":"status-publish","4":"format-standard","5":"has-post-thumbnail","7":"category-desporto","8":"tag-academia-cristiano-ronaldo","9":"tag-adrien-silva","10":"tag-atualidade","11":"tag-desporto","12":"tag-portugal","13":"tag-primeira-liga","14":"tag-pt","15":"tag-sporting","16":"tag-sports"},"share_on_mastodon":{"url":"https:\/\/pubeurope.com\/@pt\/115545676439095856","error":""},"_links":{"self":[{"href":"https:\/\/www.europesays.com\/pt\/wp-json\/wp\/v2\/posts\/151273","targetHints":{"allow":["GET"]}}],"collection":[{"href":"https:\/\/www.europesays.com\/pt\/wp-json\/wp\/v2\/posts"}],"about":[{"href":"https:\/\/www.europesays.com\/pt\/wp-json\/wp\/v2\/types\/post"}],"author":[{"embeddable":true,"href":"https:\/\/www.europesays.com\/pt\/wp-json\/wp\/v2\/users\/2"}],"replies":[{"embeddable":true,"href":"https:\/\/www.europesays.com\/pt\/wp-json\/wp\/v2\/comments?post=151273"}],"version-history":[{"count":0,"href":"https:\/\/www.europesays.com\/pt\/wp-json\/wp\/v2\/posts\/151273\/revisions"}],"wp:featuredmedia":[{"embeddable":true,"href":"https:\/\/www.europesays.com\/pt\/wp-json\/wp\/v2\/media\/151274"}],"wp:attachment":[{"href":"https:\/\/www.europesays.com\/pt\/wp-json\/wp\/v2\/media?parent=151273"}],"wp:term":[{"taxonomy":"category","embeddable":true,"href":"https:\/\/www.europesays.com\/pt\/wp-json\/wp\/v2\/categories?post=151273"},{"taxonomy":"post_tag","embeddable":true,"href":"https:\/\/www.europesays.com\/pt\/wp-json\/wp\/v2\/tags?post=151273"}],"curies":[{"name":"wp","href":"https:\/\/api.w.org\/{rel}","templated":true}]}}