{"id":151277,"date":"2025-11-14T02:31:21","date_gmt":"2025-11-14T02:31:21","guid":{"rendered":"https:\/\/www.europesays.com\/pt\/151277\/"},"modified":"2025-11-14T02:31:21","modified_gmt":"2025-11-14T02:31:21","slug":"oscar-do-sao-paulo-teve-sincope-vasovagal-e-segue-internado-entenda","status":"publish","type":"post","link":"https:\/\/www.europesays.com\/pt\/151277\/","title":{"rendered":"Oscar, do S\u00e3o Paulo, teve s\u00edncope vasovagal e segue internado; entenda"},"content":{"rendered":"<p class=\"headlines\">Neymar vai jogar a Copa do Mundo em 2026?<\/p>\n<p>3:23<\/p>\n<p><img  loading=\"lazy\" class=\"thumb lazy-load-img\"\/><\/p>\n<p class=\"description\">Com problemas por les\u00f5es, jogador pode ficar fora dos selecionados por Carlo Ancelotti.  Cr\u00e9dito: TV Estad\u00e3o<\/p>\n<p data-component-name=\"paragraph\" class=\"styles__ParagraphStyled-sc-6adecn-0 gsLklW  \">O meia <a href=\"https:\/\/www.estadao.com.br\/tudo-sobre\/oscar-oscar-dos-santos-emboaba-junior\" target=\"_blank\" rel=\"nofollow noopener\" title=\"https:\/\/www.estadao.com.br\/tudo-sobre\/oscar-oscar-dos-santos-emboaba-junior\"><strong>Oscar<\/strong><\/a> sofreu uma <strong>s\u00edncope vasovagal<\/strong>, segundo informou o <a href=\"https:\/\/www.estadao.com.br\/tudo-sobre\/sao-paulo-futebol-clube\" target=\"_blank\" rel=\"nofollow noopener\" title=\"https:\/\/www.estadao.com.br\/tudo-sobre\/sao-paulo-futebol-clube\"><strong>S\u00e3o Paulo <\/strong><\/a>em nova atualiza\u00e7\u00e3o do quadro de sa\u00fade do atleta na tarde desta quinta-feira. O diagn\u00f3stico veio ap\u00f3s investiga\u00e7\u00e3o m\u00e9dica no Einstein Hospital Israelita, onde o jogador est\u00e1 internado desde a \u00faltima ter\u00e7a-feira, quando passou mal.<\/p>\n<p data-component-name=\"paragraph\" class=\"styles__ParagraphStyled-sc-6adecn-0 gsLklW  \">\u201cO meio-campista Oscar segue internado no Einstein Hospital Israelita, onde deu entrada na tarde de ter\u00e7a-feira (11) ap\u00f3s apresentar uma intercorr\u00eancia com altera\u00e7\u00f5es cardiol\u00f3gicas durante exames realizados no SuperCT. Extensa investiga\u00e7\u00e3o realizada no hospital confirmou o diagn\u00f3stico de s\u00edncope vasovagal. Oscar segue clinicamente bem e est\u00e1vel, internado em unidade cardiol\u00f3gica e nesta sexta-feira realizar\u00e1 estudo eletrofisiol\u00f3gico\u201d, escreveu o clube em nota oficial.<\/p>\n<p><img  loading=\"lazy\" class=\"lazy-load-img\"\/><\/p>\n<p>Oscar segue internado para mais exames\u00a0Foto:  Rubens Chiri\/SPFC<\/p>\n<p>S\u00edndrome vasovagal nada mais \u00e9 que do que a causa mais comum de desmaios. Ela acontece quando o nervo vago reage de forma exagerada a um gatilho e resulta na queda inesperada da press\u00e3o arterial e dos batimentos card\u00edacos. <\/p>\n<p>Oscar passou mal e chegou chegou a desmaiar durante uma s\u00e9rie de exames que j\u00e1 previam a temporada de 2026 do S\u00e3o Paulo. Segundo o clube, profissionais da equipe m\u00e9dica do hospital estavam presentes no local dos testes f\u00edsicos. Em seguida, o jogador foi levado para a unidade de sa\u00fade.<\/p>\n<p data-component-name=\"paragraph\" class=\"styles__ParagraphStyled-sc-6adecn-0 gsLklW  \">Na \u00faltima quarta-feira, o jogador usou as redes sociais para se pronunciar pela primeira vez ap\u00f3s ser internado. Na mensagem, Oscar demonstrou otimismo na recupera\u00e7\u00e3o.<\/p>\n<p data-component-name=\"paragraph\" class=\"styles__ParagraphStyled-sc-6adecn-0 gsLklW  \">\u201cMuito obrigado pelas mensagens e ora\u00e7\u00f5es. Vai ficar tudo bem, se Deus quiser\u201d, escreveu Oscar no Instagram.<\/p>\n<p data-component-name=\"paragraph\" class=\"styles__ParagraphStyled-sc-6adecn-0 gsLklW  \">Ap\u00f3s o problema de sa\u00fade, Oscar, que possui contrato com o S\u00e3o Paulo at\u00e9 2027, cogita a aposentadoria do futebol. Ao <strong>Estad\u00e3o<\/strong>, o diretor de futebol do clube paulista, Carlos Belmonte, comentou sobre a situa\u00e7\u00e3o do atleta.<\/p>\n<p data-component-name=\"paragraph\" class=\"styles__ParagraphStyled-sc-6adecn-0 gsLklW  \">\u201cNesse momento, a \u00fanica coisa que a gente pensa \u00e9 que o Oscar esteja bem. A gente est\u00e1 nesse momento com uma \u00fanica preocupa\u00e7\u00e3o: que o Oscar fique bem. Depois, vamos ter outras preocupa\u00e7\u00f5es\u201d, disse o dirigente depois do sorteio do Paulist\u00e3o 2026 na ter\u00e7a.<\/p>\n<p data-component-name=\"paragraph\" class=\"styles__ParagraphStyled-sc-6adecn-0 gsLklW  \">\u201cSe o Oscar estiver bem e apto a jogar, n\u00f3s contamos com ele na temporada de 2026. Se o Oscar n\u00e3o estiver bem, n\u00e3o estiver apto jogar ou tomar uma decis\u00e3o pessoal de n\u00e3o jogar mais, n\u00f3s vamos apoiar a decis\u00e3o. O Oscar \u00e9 um menino que merece todo o nosso respeito, muit\u00edssimo dedicado. N\u00f3s vamos aguardar. Se ele decidir parar, a gente apoia a decis\u00e3o dele e vamos negociar a sa\u00edda\u201d, completou Belmonte.<\/p>\n<p data-component-name=\"paragraph\" class=\"styles__ParagraphStyled-sc-6adecn-0 gsLklW  \">Ao longo do ano, o jogador, que n\u00e3o atua desde o dia 19 de julho, enfrentou uma s\u00e9rie de les\u00f5es. A mais recente foi na panturrilha esquerda, que ele vinha tratando. A expectativa era de ele voltasse a campo no cl\u00e1ssico contra o Corinthians, no pr\u00f3ximo dia 20, na Neo Qu\u00edmica Arena.<\/p>\n<p data-component-name=\"paragraph\" class=\"styles__ParagraphStyled-sc-6adecn-0 gsLklW  \">Em 2025, Oscar disputou 21 partidas pelo S\u00e3o Paulo, com dois gols marcados.<\/p>\n","protected":false},"excerpt":{"rendered":"Neymar vai jogar a Copa do Mundo em 2026? 3:23 Com problemas por les\u00f5es, jogador pode ficar fora&hellip;\n","protected":false},"author":2,"featured_media":151278,"comment_status":"","ping_status":"","sticky":false,"template":"","format":"standard","meta":{"footnotes":""},"categories":[145],"tags":[211,210,114,115,32,33,1711],"class_list":{"0":"post-151277","1":"post","2":"type-post","3":"status-publish","4":"format-standard","5":"has-post-thumbnail","7":"category-celebridades","8":"tag-celebridades","9":"tag-celebrities","10":"tag-entertainment","11":"tag-entretenimento","12":"tag-portugal","13":"tag-pt","14":"tag-sample"},"share_on_mastodon":{"url":"https:\/\/pubeurope.com\/@pt\/115545707808034457","error":""},"_links":{"self":[{"href":"https:\/\/www.europesays.com\/pt\/wp-json\/wp\/v2\/posts\/151277","targetHints":{"allow":["GET"]}}],"collection":[{"href":"https:\/\/www.europesays.com\/pt\/wp-json\/wp\/v2\/posts"}],"about":[{"href":"https:\/\/www.europesays.com\/pt\/wp-json\/wp\/v2\/types\/post"}],"author":[{"embeddable":true,"href":"https:\/\/www.europesays.com\/pt\/wp-json\/wp\/v2\/users\/2"}],"replies":[{"embeddable":true,"href":"https:\/\/www.europesays.com\/pt\/wp-json\/wp\/v2\/comments?post=151277"}],"version-history":[{"count":0,"href":"https:\/\/www.europesays.com\/pt\/wp-json\/wp\/v2\/posts\/151277\/revisions"}],"wp:featuredmedia":[{"embeddable":true,"href":"https:\/\/www.europesays.com\/pt\/wp-json\/wp\/v2\/media\/151278"}],"wp:attachment":[{"href":"https:\/\/www.europesays.com\/pt\/wp-json\/wp\/v2\/media?parent=151277"}],"wp:term":[{"taxonomy":"category","embeddable":true,"href":"https:\/\/www.europesays.com\/pt\/wp-json\/wp\/v2\/categories?post=151277"},{"taxonomy":"post_tag","embeddable":true,"href":"https:\/\/www.europesays.com\/pt\/wp-json\/wp\/v2\/tags?post=151277"}],"curies":[{"name":"wp","href":"https:\/\/api.w.org\/{rel}","templated":true}]}}