{"id":151290,"date":"2025-11-14T02:53:08","date_gmt":"2025-11-14T02:53:08","guid":{"rendered":"https:\/\/www.europesays.com\/pt\/151290\/"},"modified":"2025-11-14T02:53:08","modified_gmt":"2025-11-14T02:53:08","slug":"ja-nao-ha-duvidas-carolina-braga-confirma-reconciliacao-hoje-tudo-faz-muito-sentido","status":"publish","type":"post","link":"https:\/\/www.europesays.com\/pt\/151290\/","title":{"rendered":"J\u00e1 n\u00e3o h\u00e1 d\u00favidas! Carolina Braga confirma reconcilia\u00e7\u00e3o: &#8220;Hoje, tudo faz muito sentido&#8221;"},"content":{"rendered":"<p>Carolina Braga reatou com Diogo Ramos, o homem por quem estava apaixonada antes do &#8220;<a href=\"https:\/\/tvi.iol.pt\/bigbrother\/\" target=\"_blank\" rel=\"nofollow noopener\">Big Brother<\/a> 2025&#8243;.<\/p>\n<p>No Instagram, a finalista do reality show da <a href=\"https:\/\/tvi.iol.pt\/\" target=\"_blank\" rel=\"nofollow noopener\">TVI<\/a> reagiu \u00e0s not\u00edcias que deram a reconcilia\u00e7\u00e3o como certa. &#8220;Entrei num programa de televis\u00e3o h\u00e1 alguns meses, numa fase diferente da minha vida &#8211; e, desde ent\u00e3o, muita coisa mudou. Foram experi\u00eancias intensas, aprendizagens e, claro, alguns cap\u00edtulos que se fecharam para que outros pudessem come\u00e7ar. A vida seguiu o seu rumo, com escolhas feitas de consci\u00eancia tranquila. Algumas situa\u00e7\u00f5es tornaram-se p\u00fablicas, outras n\u00e3o &#8211; e est\u00e1 tudo certo. Partilho apenas o que quero e \u00e9 da\u00ed que tiram qualquer informa\u00e7\u00e3o. A vida levou-me de volta a quem sempre me fez bem &#8211; e isso basta para eu estar em paz e feliz&#8221;, escreveu, rematando:\u00a0&#8220;Dito isto, a quem gosta de mim: est\u00e1 tudo bem. Estou muito feliz e sempre na companhia que escolho ter. Quando achar que faz sentido partilhar mais, f\u00e1-lo-ei com todo o gosto.&#8221;<\/p>\n<p>Contactada pela SELFIE, <a href=\"https:\/\/selfie.iol.pt\/famosos\/carolina-braga\/de-volta-para-o-ex-carolina-braga-quebra-o-silencio\/20251113\/6916091ad34e3caad84b407d\" target=\"_blank\" rel=\"nofollow noopener\">Carolina Braga<\/a> confirma o que as anteriores palavras j\u00e1 indiciavam: o namoro com Diogo Ramos foi mesmo retomado. &#8220;A mensagem que escrevi j\u00e1 diz tudo. E sim! Posso dizer que estou extremamente feliz&#8221;, assume, refletindo sobre o facto de a respetiva vida ter voltado a cruzar-se com a do namorado: &#8220;Acredito que, quando \u00e9 para ser, a vida acaba sempre por juntar as pessoas no momento certo.&#8221;<\/p>\n<p>&#8220;Hoje, tudo faz muito sentido e estou muito feliz por isso&#8221;, constata ainda a ex-concorrente do &#8220;Big Brother 2025&#8221;, cuja vida foi acompanhada a par e passo por muitas pessoas durante a passagem pela casa mais vigiada do Pa\u00eds e continua a ser fielmente seguida fora dela. De resto, dos f\u00e3s, a jovem tem recebido rea\u00e7\u00f5es &#8220;extremamente positivas&#8221;:\u00a0&#8220;Recebo mensagens muito queridas e sinto um carinho enorme das pessoas. \u00c9 bonito ver que torcem pela minha felicidade.&#8221;<\/p>\n<p>Tamb\u00e9m em termos profissionais, a vida de Carolina Braga &#8220;est\u00e1 a correr muito bem&#8221;. &#8220;Continuo dedicada e com novos desafios pela frente, o que me deixa muito entusiasmada!&#8221;, resume.<\/p>\n<p>Recorde-se que, no programa da esta\u00e7\u00e3o de Queluz de Baixo, a jovem apaixonou-se por Diogo Bordin. Poucas semanas depois do fim do programa, o ent\u00e3o casal anunciou a separa\u00e7\u00e3o.<\/p>\n<p>Veja, agora, nas galerias que prepar\u00e1mos para si, as melhores imagens de <a href=\"https:\/\/selfie.iol.pt\/famosos\/big-brother\/carolina-braga-internada-de-urgencia-finalista-do-big-brother-submetida-a-cirurgia\/20251103\/6908d131d34e2bd5c6d391d9\" target=\"_blank\" rel=\"nofollow noopener\">Carolina Braga<\/a>.<\/p>\n","protected":false},"excerpt":{"rendered":"Carolina Braga reatou com Diogo Ramos, o homem por quem estava apaixonada antes do &#8220;Big Brother 2025&#8243;. No&hellip;\n","protected":false},"author":2,"featured_media":151291,"comment_status":"","ping_status":"","sticky":false,"template":"","format":"standard","meta":{"footnotes":""},"categories":[142],"tags":[6308,6812,48,6810,6989,32813,114,115,741,6309,4763,980,9485,1015,619,7399,1017,32,33,1014,5870,1012,151,162],"class_list":{"0":"post-151290","1":"post","2":"type-post","3":"status-publish","4":"format-standard","5":"has-post-thumbnail","7":"category-tv","8":"tag-bb","9":"tag-bb2025","10":"tag-big-brother","11":"tag-big-brother-2025","12":"tag-diogo-bordin","13":"tag-diogo-ramos","14":"tag-entertainment","15":"tag-entretenimento","16":"tag-entrevista","17":"tag-ex-concorrente","18":"tag-exclusivo","19":"tag-famosos","20":"tag-finalista","21":"tag-instagram","22":"tag-nacional","23":"tag-namorado","24":"tag-namoro","25":"tag-portugal","26":"tag-pt","27":"tag-reality-show","28":"tag-relacao","29":"tag-selfie","30":"tag-tv","31":"tag-tvi"},"share_on_mastodon":{"url":"https:\/\/pubeurope.com\/@pt\/115545794447240753","error":""},"_links":{"self":[{"href":"https:\/\/www.europesays.com\/pt\/wp-json\/wp\/v2\/posts\/151290","targetHints":{"allow":["GET"]}}],"collection":[{"href":"https:\/\/www.europesays.com\/pt\/wp-json\/wp\/v2\/posts"}],"about":[{"href":"https:\/\/www.europesays.com\/pt\/wp-json\/wp\/v2\/types\/post"}],"author":[{"embeddable":true,"href":"https:\/\/www.europesays.com\/pt\/wp-json\/wp\/v2\/users\/2"}],"replies":[{"embeddable":true,"href":"https:\/\/www.europesays.com\/pt\/wp-json\/wp\/v2\/comments?post=151290"}],"version-history":[{"count":0,"href":"https:\/\/www.europesays.com\/pt\/wp-json\/wp\/v2\/posts\/151290\/revisions"}],"wp:featuredmedia":[{"embeddable":true,"href":"https:\/\/www.europesays.com\/pt\/wp-json\/wp\/v2\/media\/151291"}],"wp:attachment":[{"href":"https:\/\/www.europesays.com\/pt\/wp-json\/wp\/v2\/media?parent=151290"}],"wp:term":[{"taxonomy":"category","embeddable":true,"href":"https:\/\/www.europesays.com\/pt\/wp-json\/wp\/v2\/categories?post=151290"},{"taxonomy":"post_tag","embeddable":true,"href":"https:\/\/www.europesays.com\/pt\/wp-json\/wp\/v2\/tags?post=151290"}],"curies":[{"name":"wp","href":"https:\/\/api.w.org\/{rel}","templated":true}]}}