{"id":151294,"date":"2025-11-14T02:56:20","date_gmt":"2025-11-14T02:56:20","guid":{"rendered":"https:\/\/www.europesays.com\/pt\/151294\/"},"modified":"2025-11-14T02:56:20","modified_gmt":"2025-11-14T02:56:20","slug":"benfica-rui-costa-escolhe-monica-jorge-para-coordenar-futebol-feminino","status":"publish","type":"post","link":"https:\/\/www.europesays.com\/pt\/151294\/","title":{"rendered":"Benfica: Rui Costa escolhe M\u00f3nica Jorge para coordenar futebol feminino"},"content":{"rendered":"<p style=\"margin-bottom:11px\">M\u00f3nica Jorge, 47 anos, vai ser a nova coordenadora do futebol feminino do Benfica, apurou o <strong>Maisfutebol<\/strong>.<\/p>\n<p>A antiga selecionadora nacional \u00e9 a escolha de Rui Costa para suceder a Fernando Tavares, que tinha a pasta das modalidades e tamb\u00e9m do futebol feminino dos encarnados, mas deixou recentemente a vice-presid\u00eancia.<\/p>\n<p>Al\u00e9m de ter orientado a sele\u00e7\u00e3o feminina, entre 2007 e 2011, M\u00f3nica Jorge foi a primeira mulher a assumir fun\u00e7\u00f5es de diretora na Federa\u00e7\u00e3o Portuguesa de Futebol (FPF), uma liga\u00e7\u00e3o que terminou no ano passado.<\/p>\n<p>M\u00f3nica Jorge vai iniciar fun\u00e7\u00f5es no Benfica j\u00e1 na pr\u00f3xima semana.<\/p>\n","protected":false},"excerpt":{"rendered":"M\u00f3nica Jorge, 47 anos, vai ser a nova coordenadora do futebol feminino do Benfica, apurou o Maisfutebol. A&hellip;\n","protected":false},"author":2,"featured_media":151295,"comment_status":"","ping_status":"","sticky":false,"template":"","format":"standard","meta":{"footnotes":""},"categories":[87],"tags":[51,17142,135,6289,17453,285,2388,46,32819,32,33,47,6058,134],"class_list":{"0":"post-151294","1":"post","2":"type-post","3":"status-publish","4":"format-standard","5":"has-post-thumbnail","7":"category-desporto","8":"tag-benfica","9":"tag-benfica-feminino","10":"tag-desporto","11":"tag-feminino","12":"tag-fernando-tavares","13":"tag-fpf","14":"tag-futebol-feminino","15":"tag-maisfutebol","16":"tag-monica-jorge","17":"tag-portugal","18":"tag-pt","19":"tag-pura-paixao","20":"tag-rui-costa","21":"tag-sports"},"share_on_mastodon":{"url":"https:\/\/pubeurope.com\/@pt\/115545806187859153","error":""},"_links":{"self":[{"href":"https:\/\/www.europesays.com\/pt\/wp-json\/wp\/v2\/posts\/151294","targetHints":{"allow":["GET"]}}],"collection":[{"href":"https:\/\/www.europesays.com\/pt\/wp-json\/wp\/v2\/posts"}],"about":[{"href":"https:\/\/www.europesays.com\/pt\/wp-json\/wp\/v2\/types\/post"}],"author":[{"embeddable":true,"href":"https:\/\/www.europesays.com\/pt\/wp-json\/wp\/v2\/users\/2"}],"replies":[{"embeddable":true,"href":"https:\/\/www.europesays.com\/pt\/wp-json\/wp\/v2\/comments?post=151294"}],"version-history":[{"count":0,"href":"https:\/\/www.europesays.com\/pt\/wp-json\/wp\/v2\/posts\/151294\/revisions"}],"wp:featuredmedia":[{"embeddable":true,"href":"https:\/\/www.europesays.com\/pt\/wp-json\/wp\/v2\/media\/151295"}],"wp:attachment":[{"href":"https:\/\/www.europesays.com\/pt\/wp-json\/wp\/v2\/media?parent=151294"}],"wp:term":[{"taxonomy":"category","embeddable":true,"href":"https:\/\/www.europesays.com\/pt\/wp-json\/wp\/v2\/categories?post=151294"},{"taxonomy":"post_tag","embeddable":true,"href":"https:\/\/www.europesays.com\/pt\/wp-json\/wp\/v2\/tags?post=151294"}],"curies":[{"name":"wp","href":"https:\/\/api.w.org\/{rel}","templated":true}]}}