{"id":151300,"date":"2025-11-14T03:07:17","date_gmt":"2025-11-14T03:07:17","guid":{"rendered":"https:\/\/www.europesays.com\/pt\/151300\/"},"modified":"2025-11-14T03:07:17","modified_gmt":"2025-11-14T03:07:17","slug":"comem-no-chao-catarina-miranda-e-afonso-leitao-revelam-detalhes-da-nova-vida-a-dois-secret-story","status":"publish","type":"post","link":"https:\/\/www.europesays.com\/pt\/151300\/","title":{"rendered":"Comem no ch\u00e3o? Catarina Miranda e Afonso Leit\u00e3o revelam detalhes da nova vida a dois &#8211; Secret Story"},"content":{"rendered":"<p style=\"margin-bottom:11px\"><a href=\"https:\/\/tvi.iol.pt\/secretstory\/search?pagina=1&amp;pesquisa=Catarina+Miranda%20e%20Afonso%20Leit%C3%A3o\" rel=\"nofollow noopener\" target=\"_blank\"><strong>Catarina Miranda e Afonso Leit\u00e3o<\/strong><\/a> oficialmente a viver juntos. Na manh\u00e3 desta quarta-feira, 13 de novembro, \u00a0marcaram presen\u00e7a no programa V+ Fama, onde contaram tudo sobre esta nova fase e<strong> n\u00e3o deixaram passar um detalhe ins\u00f3lito<\/strong>.<\/p>\n<p>Quando questionados por Adriano Silva Martins sobre os novos passos a dar na rela\u00e7\u00e3o, Afonso respondeu, em jeito de brincadeira: \u00abAgora \u00e9 passar de comer no ch\u00e3o para comer sentado numa mesa,\u00bb. <strong>O casal admitiu que ainda n\u00e3o tem toda a mob\u00edlia na casa <\/strong>e que, aos poucos, tudo se vai compondo.<\/p>\n<p>Catarina Miranda <strong>n\u00e3o deixou de se mostrar emocionada por regressar \u00e0s origens e estar mais pr\u00f3xima da fam\u00edlia<\/strong>: \u00abSaber que estou aqui em casa e perto dos meus outra vez, depois de tudo o que tem acontecido ultimamente, \u00e9 sempre bom. \u00c9 mais aconchegante.\u00bb<\/p>\n<p>A rela\u00e7\u00e3o de <a href=\"https:\/\/tvi.iol.pt\/secretstory\/search?pagina=1&amp;pesquisa=Catarina+Miranda%20e%20Afonso%20Leit%C3%A3o\" rel=\"nofollow noopener\" target=\"_blank\">Catarina Miranda e Afonso Leit\u00e3o<\/a> <strong>continua assim a dar que falar<\/strong>, agora com esta nova etapa vivida a dois em Almeirim, um <strong>passo importante que promete refor\u00e7ar a cumplicidade e estabilidade do casal<\/strong>.<\/p>\n","protected":false},"excerpt":{"rendered":"Catarina Miranda e Afonso Leit\u00e3o oficialmente a viver juntos. Na manh\u00e3 desta quarta-feira, 13 de novembro, \u00a0marcaram presen\u00e7a&hellip;\n","protected":false},"author":2,"featured_media":126417,"comment_status":"","ping_status":"","sticky":false,"template":"","format":"standard","meta":{"footnotes":""},"categories":[142],"tags":[2031,18706,342,114,115,18705,32,33,151,18704],"class_list":{"0":"post-151300","1":"post","2":"type-post","3":"status-publish","4":"format-standard","5":"has-post-thumbnail","7":"category-tv","8":"tag-afonso-leitao","9":"tag-bastidores-secret-story","10":"tag-catarina-miranda","11":"tag-entertainment","12":"tag-entretenimento","13":"tag-entrevistas-concorrentes-tvi","14":"tag-portugal","15":"tag-pt","16":"tag-tv","17":"tag-vida-fora-da-casa"},"share_on_mastodon":{"url":"https:\/\/pubeurope.com\/@pt\/115545849407685336","error":""},"_links":{"self":[{"href":"https:\/\/www.europesays.com\/pt\/wp-json\/wp\/v2\/posts\/151300","targetHints":{"allow":["GET"]}}],"collection":[{"href":"https:\/\/www.europesays.com\/pt\/wp-json\/wp\/v2\/posts"}],"about":[{"href":"https:\/\/www.europesays.com\/pt\/wp-json\/wp\/v2\/types\/post"}],"author":[{"embeddable":true,"href":"https:\/\/www.europesays.com\/pt\/wp-json\/wp\/v2\/users\/2"}],"replies":[{"embeddable":true,"href":"https:\/\/www.europesays.com\/pt\/wp-json\/wp\/v2\/comments?post=151300"}],"version-history":[{"count":0,"href":"https:\/\/www.europesays.com\/pt\/wp-json\/wp\/v2\/posts\/151300\/revisions"}],"wp:featuredmedia":[{"embeddable":true,"href":"https:\/\/www.europesays.com\/pt\/wp-json\/wp\/v2\/media\/126417"}],"wp:attachment":[{"href":"https:\/\/www.europesays.com\/pt\/wp-json\/wp\/v2\/media?parent=151300"}],"wp:term":[{"taxonomy":"category","embeddable":true,"href":"https:\/\/www.europesays.com\/pt\/wp-json\/wp\/v2\/categories?post=151300"},{"taxonomy":"post_tag","embeddable":true,"href":"https:\/\/www.europesays.com\/pt\/wp-json\/wp\/v2\/tags?post=151300"}],"curies":[{"name":"wp","href":"https:\/\/api.w.org\/{rel}","templated":true}]}}