{"id":151301,"date":"2025-11-14T03:10:14","date_gmt":"2025-11-14T03:10:14","guid":{"rendered":"https:\/\/www.europesays.com\/pt\/151301\/"},"modified":"2025-11-14T03:10:14","modified_gmt":"2025-11-14T03:10:14","slug":"pedro-leon-lembra-se-nao-quer-reencontrar-se-com-mourinho","status":"publish","type":"post","link":"https:\/\/www.europesays.com\/pt\/151301\/","title":{"rendered":"Pedro Le\u00f3n, lembra-se? N\u00e3o quer reencontrar-se com Mourinho"},"content":{"rendered":"<p style=\"margin-bottom:11px\">A passagem de Pedro Le\u00f3n pelo Real Madrid foi marcada por um momento em que Jos\u00e9 Mourinho criticou o m\u00e9dio espanhol em plena confer\u00eancia de imprensa. Atualmente no Real Murcia e com 38 anos, continua sem entender o que levou Mourinho a proferir a frase: \u00abVoc\u00eas falam do Pedro como se fosse Zidane, Di St\u00e9fano ou Maradona e ele \u00e9 um bom jogador que h\u00e1 dois dias jogava pelo Getafe.\u00bb<\/p>\n<p>\u00abVou ser honesto. N\u00e3o doeu, n\u00e3o me magoou. Doeu-me n\u00e3o saber porqu\u00ea. E at\u00e9 hoje ainda n\u00e3o sei\u00bb, disse o jogador espanhol, citado pela Marca.<\/p>\n<p>Le\u00f3n nega que as palavras de Mourinho tenham surgido porque se desleixou no aquecimento durante um jogo. \u00abPodem ir ver esse jogo, em nenhum momento eu reclamei, nem o desrespeitei nem nada.\u00bb<\/p>\n<p>\u00abEu perdoei Mourinho. Acho que de outra forma a minha carreira desportiva teria sido diferente&#8230; mas n\u00e3o guardo rancor dele\u00bb, reconheceu.<\/p>\n<p>Questionado sobre se o portugu\u00eas \u00e9 um bom treinador, Le\u00f3n foi curto e direto. \u00ab\u00c9 um bom motivador, especialmente no come\u00e7o. Chega e acreditas na sua mensagem, compras a ideia.\u00bb<\/p>\n<p>J\u00e1 sobre a hip\u00f3tese de tomar caf\u00e9 com o atual treinador do Benfica, o m\u00e9dio espanhol prefere que cada um fique no seu canto.<\/p>\n<p>\u00abSe nos falta um caf\u00e9? N\u00e3o. Est\u00e1 tudo bem, ele est\u00e1 bem em Portugal e eu estou em M\u00farcia\u00bb, rematou.<\/p>\n","protected":false},"excerpt":{"rendered":"A passagem de Pedro Le\u00f3n pelo Real Madrid foi marcada por um momento em que Jos\u00e9 Mourinho criticou&hellip;\n","protected":false},"author":2,"featured_media":151302,"comment_status":"","ping_status":"","sticky":false,"template":"","format":"standard","meta":{"footnotes":""},"categories":[87],"tags":[51,135,640,82,1385,46,7864,32821,32,33,47,2007,134],"class_list":{"0":"post-151301","1":"post","2":"type-post","3":"status-publish","4":"format-standard","5":"has-post-thumbnail","7":"category-desporto","8":"tag-benfica","9":"tag-desporto","10":"tag-espanha","11":"tag-internacional","12":"tag-jose-mourinho","13":"tag-maisfutebol","14":"tag-mourinho","15":"tag-pedro-leon","16":"tag-portugal","17":"tag-pt","18":"tag-pura-paixao","19":"tag-real-madrid","20":"tag-sports"},"share_on_mastodon":{"url":"https:\/\/pubeurope.com\/@pt\/115545861187721805","error":""},"_links":{"self":[{"href":"https:\/\/www.europesays.com\/pt\/wp-json\/wp\/v2\/posts\/151301","targetHints":{"allow":["GET"]}}],"collection":[{"href":"https:\/\/www.europesays.com\/pt\/wp-json\/wp\/v2\/posts"}],"about":[{"href":"https:\/\/www.europesays.com\/pt\/wp-json\/wp\/v2\/types\/post"}],"author":[{"embeddable":true,"href":"https:\/\/www.europesays.com\/pt\/wp-json\/wp\/v2\/users\/2"}],"replies":[{"embeddable":true,"href":"https:\/\/www.europesays.com\/pt\/wp-json\/wp\/v2\/comments?post=151301"}],"version-history":[{"count":0,"href":"https:\/\/www.europesays.com\/pt\/wp-json\/wp\/v2\/posts\/151301\/revisions"}],"wp:featuredmedia":[{"embeddable":true,"href":"https:\/\/www.europesays.com\/pt\/wp-json\/wp\/v2\/media\/151302"}],"wp:attachment":[{"href":"https:\/\/www.europesays.com\/pt\/wp-json\/wp\/v2\/media?parent=151301"}],"wp:term":[{"taxonomy":"category","embeddable":true,"href":"https:\/\/www.europesays.com\/pt\/wp-json\/wp\/v2\/categories?post=151301"},{"taxonomy":"post_tag","embeddable":true,"href":"https:\/\/www.europesays.com\/pt\/wp-json\/wp\/v2\/tags?post=151301"}],"curies":[{"name":"wp","href":"https:\/\/api.w.org\/{rel}","templated":true}]}}