{"id":151303,"date":"2025-11-14T03:13:05","date_gmt":"2025-11-14T03:13:05","guid":{"rendered":"https:\/\/www.europesays.com\/pt\/151303\/"},"modified":"2025-11-14T03:13:05","modified_gmt":"2025-11-14T03:13:05","slug":"aos-8-anos-alana-filha-de-cristiano-ronaldo-recebe-presente-de-luxo","status":"publish","type":"post","link":"https:\/\/www.europesays.com\/pt\/151303\/","title":{"rendered":"Aos 8 anos, Alana, filha de Cristiano Ronaldo recebe presente de luxo"},"content":{"rendered":"<p>Alana Martina completou oito anos de vida, na quarta-feira, dia 12, e teve direito a uma festa muito especial.<\/p>\n<p>No Instagram, Georgina Rodr\u00edguez mostrou imagens dos festejos que come\u00e7aram com uma ida \u00e0 missa.<\/p>\n<p>Entre bal\u00f5es e decora\u00e7\u00e3o a rigor, houve um detalhe que chamou a aten\u00e7\u00e3o de todos: o presente de luxo que recebeu.<\/p>\n<p>Alana Martina recebeu uma carteira Chanel, modelo 31 mini, na cor vermelha, que custa quase cinco mil euros.<\/p>\n<p>Recorde-se que al\u00e9m de Alana Martina, <a href=\"https:\/\/selfie.iol.pt\/famosos\/cristiano-ronaldo\/cristiano-ronaldo-envia-mensagem-especial-a-donald-trump\/20250617\/6851a32dd34ef72ee4474c7b\" target=\"_blank\" rel=\"nofollow noopener\">Cristiano Ronaldo<\/a> e Georgina Rodr\u00edguez s\u00e3o ainda pais de Bella Esmeralda, de tr\u00eas anos. O futebolista tem ainda outros filhos, Cristianinho, de 15 anos, e os g\u00e9meos Eva e Mateo, de oito, que nasceram com recurso a uma barriga de aluguer.<\/p>\n<p>Veja, agora, na galeria, as imagens da festa de anivers\u00e1rio de Alana Martina.<\/p>\n","protected":false},"excerpt":{"rendered":"Alana Martina completou oito anos de vida, na quarta-feira, dia 12, e teve direito a uma festa muito&hellip;\n","protected":false},"author":2,"featured_media":151304,"comment_status":"","ping_status":"","sticky":false,"template":"","format":"standard","meta":{"footnotes":""},"categories":[85],"tags":[32674,7922,667,114,115,980,3509,1015,619,32,16419,33,1012],"class_list":{"0":"post-151303","1":"post","2":"type-post","3":"status-publish","4":"format-standard","5":"has-post-thumbnail","7":"category-entretenimento","8":"tag-alana-martina","9":"tag-chanel","10":"tag-cristiano-ronaldo","11":"tag-entertainment","12":"tag-entretenimento","13":"tag-famosos","14":"tag-georgina-rodriguez","15":"tag-instagram","16":"tag-nacional","17":"tag-portugal","18":"tag-presente","19":"tag-pt","20":"tag-selfie"},"share_on_mastodon":{"url":"https:\/\/pubeurope.com\/@pt\/115545873005698269","error":""},"_links":{"self":[{"href":"https:\/\/www.europesays.com\/pt\/wp-json\/wp\/v2\/posts\/151303","targetHints":{"allow":["GET"]}}],"collection":[{"href":"https:\/\/www.europesays.com\/pt\/wp-json\/wp\/v2\/posts"}],"about":[{"href":"https:\/\/www.europesays.com\/pt\/wp-json\/wp\/v2\/types\/post"}],"author":[{"embeddable":true,"href":"https:\/\/www.europesays.com\/pt\/wp-json\/wp\/v2\/users\/2"}],"replies":[{"embeddable":true,"href":"https:\/\/www.europesays.com\/pt\/wp-json\/wp\/v2\/comments?post=151303"}],"version-history":[{"count":0,"href":"https:\/\/www.europesays.com\/pt\/wp-json\/wp\/v2\/posts\/151303\/revisions"}],"wp:featuredmedia":[{"embeddable":true,"href":"https:\/\/www.europesays.com\/pt\/wp-json\/wp\/v2\/media\/151304"}],"wp:attachment":[{"href":"https:\/\/www.europesays.com\/pt\/wp-json\/wp\/v2\/media?parent=151303"}],"wp:term":[{"taxonomy":"category","embeddable":true,"href":"https:\/\/www.europesays.com\/pt\/wp-json\/wp\/v2\/categories?post=151303"},{"taxonomy":"post_tag","embeddable":true,"href":"https:\/\/www.europesays.com\/pt\/wp-json\/wp\/v2\/tags?post=151303"}],"curies":[{"name":"wp","href":"https:\/\/api.w.org\/{rel}","templated":true}]}}