{"id":151309,"date":"2025-11-14T03:19:34","date_gmt":"2025-11-14T03:19:34","guid":{"rendered":"https:\/\/www.europesays.com\/pt\/151309\/"},"modified":"2025-11-14T03:19:34","modified_gmt":"2025-11-14T03:19:34","slug":"dado-dolabella-denuncia-a-ex-namorada-por-perseguicao","status":"publish","type":"post","link":"https:\/\/www.europesays.com\/pt\/151309\/","title":{"rendered":"Dado Dolabella denuncia a ex-namorada por persegui\u00e7\u00e3o"},"content":{"rendered":"<p>Nesta quinta-feira (13), o ator <a href=\"https:\/\/www.otempo.com.br\/entretenimento\/2025\/11\/12\/marcela-tomaszewski-quer-a-prisao-de-dado-dolabella\" rel=\"nofollow noopener\" target=\"_blank\"><strong>Dado Dolabella<\/strong><\/a>, de 45 anos, compareceu a uma delegacia no Rio de Janeiro para fazer den\u00fancia contra a ex-namorada, <a href=\"https:\/\/www.otempo.com.br\/entretenimento\/2025\/11\/11\/dado-dolabella-expoe-prints-de-marcela-entenda-a-linha-do-tempo-do-namoro-do-ex-casal\" rel=\"nofollow noopener\" target=\"_blank\"><strong>Marcela Tomaszewski<\/strong><\/a>. O artista acusa a modelo de persegui\u00e7\u00e3o ap\u00f3s expor uma suposta agress\u00e3o cometida por ele.<\/p>\n<p><strong>Marcela Tomaszewsk<\/strong>i est\u00e1 na Europa e afirmou que vai denunci\u00e1-lo por viol\u00eancia dom\u00e9stica ao retornar. &#8220;Voltando para o Brasil, eu preciso de uma medida protetiva, porque ele est\u00e1 no Brasil. Ele fala que \u00e9 minha culpa, que n\u00e3o aconteceu nada, que ele s\u00f3 me afastou, que ele n\u00e3o me empurrou, n\u00e3o me segurou&#8221;, contou ela em entrevista ao &#8216;Domingo Espetacular&#8217;.<\/p>\n<p>A advogada de <strong>Dado Dolabella<\/strong>, Mara Damasceno, revelou supostos prints de conversas que indicariam que a Miss teria iniciado as agress\u00f5es durante a discuss\u00e3o que viralizou na internet. Dado continua negando que agrediu a ex-namorada.<\/p>\n","protected":false},"excerpt":{"rendered":"Nesta quinta-feira (13), o ator Dado Dolabella, de 45 anos, compareceu a uma delegacia no Rio de Janeiro&hellip;\n","protected":false},"author":2,"featured_media":151310,"comment_status":"","ping_status":"","sticky":false,"template":"","format":"standard","meta":{"footnotes":""},"categories":[145],"tags":[211,210,12683,114,115,29457,32,33],"class_list":{"0":"post-151309","1":"post","2":"type-post","3":"status-publish","4":"format-standard","5":"has-post-thumbnail","7":"category-celebridades","8":"tag-celebridades","9":"tag-celebrities","10":"tag-dado-dolabella","11":"tag-entertainment","12":"tag-entretenimento","13":"tag-marcela-tomaszewski","14":"tag-portugal","15":"tag-pt"},"share_on_mastodon":{"url":"https:\/\/pubeurope.com\/@pt\/115545896586170563","error":""},"_links":{"self":[{"href":"https:\/\/www.europesays.com\/pt\/wp-json\/wp\/v2\/posts\/151309","targetHints":{"allow":["GET"]}}],"collection":[{"href":"https:\/\/www.europesays.com\/pt\/wp-json\/wp\/v2\/posts"}],"about":[{"href":"https:\/\/www.europesays.com\/pt\/wp-json\/wp\/v2\/types\/post"}],"author":[{"embeddable":true,"href":"https:\/\/www.europesays.com\/pt\/wp-json\/wp\/v2\/users\/2"}],"replies":[{"embeddable":true,"href":"https:\/\/www.europesays.com\/pt\/wp-json\/wp\/v2\/comments?post=151309"}],"version-history":[{"count":0,"href":"https:\/\/www.europesays.com\/pt\/wp-json\/wp\/v2\/posts\/151309\/revisions"}],"wp:featuredmedia":[{"embeddable":true,"href":"https:\/\/www.europesays.com\/pt\/wp-json\/wp\/v2\/media\/151310"}],"wp:attachment":[{"href":"https:\/\/www.europesays.com\/pt\/wp-json\/wp\/v2\/media?parent=151309"}],"wp:term":[{"taxonomy":"category","embeddable":true,"href":"https:\/\/www.europesays.com\/pt\/wp-json\/wp\/v2\/categories?post=151309"},{"taxonomy":"post_tag","embeddable":true,"href":"https:\/\/www.europesays.com\/pt\/wp-json\/wp\/v2\/tags?post=151309"}],"curies":[{"name":"wp","href":"https:\/\/api.w.org\/{rel}","templated":true}]}}