{"id":15131,"date":"2025-08-04T06:00:12","date_gmt":"2025-08-04T06:00:12","guid":{"rendered":"https:\/\/www.europesays.com\/pt\/15131\/"},"modified":"2025-08-04T06:00:12","modified_gmt":"2025-08-04T06:00:12","slug":"passei-45-dias-na-uti-record","status":"publish","type":"post","link":"https:\/\/www.europesays.com\/pt\/15131\/","title":{"rendered":"\u2018Passei 45 dias na UTI\u2019 \u2013 Record"},"content":{"rendered":"<p>Ex-dupla de Marlon tirou Babi Xavier da lideran\u00e7a, n\u00e3o encarou o Desafio Final e ainda levou R$ 60.750<\/p>\n<p class=\"article-text-xxxs dark:article-text-neutral-high-400\"><a href=\"https:\/\/record.r7.com\/acerte-ou-caia\/entrevistas\" title=\"Entrevistas\" class=\"article-text-editorial-color article-font-semibold article-uppercase dark:!article-text-neutral-high-400\" rel=\"nofollow noopener\" target=\"_blank\">Entrevistas<\/a>|Kau\u00e3 Alves*, do site oficial<\/p>\n<p class=\"article-uppercase article-text-little article-text-agerating-18anos-500 dark:article-text-neutral-high-400\">03\/08\/2025 &#8211; 17h59 (Atualizado em 03\/08\/2025 &#8211; 17h59)<\/p>\n<p><img decoding=\"async\" data-chromatic=\"ignore\" alt=\"\" class=\"c-image\" loading=\"lazy\" src=\"https:\/\/www.europesays.com\/pt\/wp-content\/uploads\/2025\/08\/TF4UX7KSJVHDZMLINB6PHWEOSU.png\"  width=\"677\" height=\"369\"\/>Maicon conquista o pr\u00eamio do Acerte ou Caia! deste domingo (3) Edu Moraes\/RECORD <\/p>\n<p class=\"dark:base-text-neutral-high-400 base-text-[calc(theme(fontSize.xs)_*_var(--font-size,_1))] base-font-normal base-font-primary base-text-neutral-low-500 base-text-left\">N\u00e3o foi a primeira vez que Maicon Neto, ex-dupla de Marlon, brilhou em cima de um palco. Com mais de 30 anos de carreira, o cantor escapou do buraco e levou a melhor no <a href=\"https:\/\/record.r7.com\/acerte-ou-caia\/\" target=\"_blank\" rel=\"noreferrer nofollow noopener\" title=\"https:\/\/record.r7.com\/acerte-ou-caia\/\"><b>Acerte ou Caia!<\/b><\/a><b> <\/b>O m\u00fasico tirou a atriz e apresentadora Babi Xavier da lideran\u00e7a e enfileirou advers\u00e1rios at\u00e9 a conquista do pr\u00eamio.<\/p>\n<p class=\"dark:base-text-neutral-high-400 base-text-[calc(theme(fontSize.xs)_*_var(--font-size,_1))] base-font-normal base-font-primary base-text-neutral-low-500 base-text-left\">Maicon contou ao <b>site oficial<\/b>, os bastidores da sua vit\u00f3ria, o futuro da carreira e relembrou momentos em que ficou \u00e0 beira da morte. O catarinense de 46 anos foi ao game show comandado por Tom Cavalcante com o seu irm\u00e3o mais velho Marlon, com quem formou uma dupla de sucesso no in\u00edcio dos anos 2000.<\/p>\n<p>Trajet\u00f3ria do campe\u00e3o<\/p>\n<p class=\"dark:base-text-neutral-high-400 base-text-[calc(theme(fontSize.xs)_*_var(--font-size,_1))] base-font-normal base-font-primary base-text-neutral-low-500 base-text-left\">Al\u00e9m dos duelos com celebridades, Maicon precisou enfrentar um grande advers\u00e1rio para vencer o Acerte ou Caia!: o nervosismo em frente \u00e0s c\u00e2meras. Ele revela que, mesmo com a experi\u00eancia da carreira, ir a programas ainda \u00e9 um desafio: \u201cEu sempre tive um bloqueio com programa de televis\u00e3o. Nunca consegui ser eu, a ponto de esquecer que estava no programa. Isso para mim era muito dif\u00edcil\u201d. <\/p>\n<p class=\"dark:base-text-neutral-high-400 base-text-[calc(theme(fontSize.xs)_*_var(--font-size,_1))] base-font-normal base-font-primary base-text-neutral-low-500 base-text-left\">A dupla decidiu seguir caminhos diferentes em 2017, quando os irm\u00e3os se separaram. Segundo Maicon, fazia nove anos que a dupla n\u00e3o participava, juntos, de um programa de TV. \u201cO meu irm\u00e3o sempre topou fazer essas coisas, ele gosta\u201d. Marlon, inclusive, j\u00e1 deu as caras em alguns realities da <b>RECORD<\/b>, como a quarta temporada de A Fazenda e anos depois, do Power Couple Brasil 3.<\/p>\n<p class=\"dark:base-text-neutral-high-400 base-text-[calc(theme(fontSize.xs)_*_var(--font-size,_1))] base-font-normal base-font-primary base-text-neutral-low-500 base-text-left\">Durante o papo, Maicon confessou que se preparou para participar do game show e encarou com seriedade o desafio: \u201cMe preparei psicologicamente e emocionalmente. Fui me testando nos programas anteriores e cheguei l\u00e1 confiante, concentrado e sem brincar\u201d. A prepara\u00e7\u00e3o do m\u00fasico deu resultado, sendo o \u00faltimo participante vivo na disputa e ainda com duas vidas restantes. <\/p>\n<p>Hist\u00f3ria de supera\u00e7\u00e3o <\/p>\n<p class=\"dark:base-text-neutral-high-400 base-text-[calc(theme(fontSize.xs)_*_var(--font-size,_1))] base-font-normal base-font-primary base-text-neutral-low-500 base-text-left\">Em recente entrevista, Maicon contou que, na juventude, foi v\u00edtima de um disparo acidental com arma de fogo, feito por um amigo. Desde a inf\u00e2ncia, o cantor convive com a bala alojada na cabe\u00e7a, j\u00e1 que a cirurgia de remo\u00e7\u00e3o pode trazer graves consequ\u00eancias. Com a viraliza\u00e7\u00e3o dessa hist\u00f3ria na \u00e9poca, o sertanejo brinca que agora \u00e9 lembrado por isso: \u201cQuando me encontram, ao inv\u00e9s de falar de disco de ouro, diamante, milh\u00f5es de c\u00f3pias. J\u00e1 fala da bala alojada, \u2018como \u00e9 que t\u00e1 essa bala a\u00ed, t\u00e1 a\u00ed ainda?\u201d. <\/p>\n<p class=\"dark:base-text-neutral-high-400 base-text-[calc(theme(fontSize.xs)_*_var(--font-size,_1))] base-font-normal base-font-primary base-text-neutral-low-500 base-text-left\">V\u00edtima de acidente e um choque anafil\u00e1tico, o cantor revela como ter ficado pr\u00f3ximo da morte por algumas vezes mudou sua perspectiva sobre a vida: <\/p>\n<p class=\"dark:base-text-neutral-high-400 base-text-[calc(theme(fontSize.xs)_*_var(--font-size,_1))] base-font-normal base-font-primary base-text-neutral-low-500 base-text-left\">\u201cEu que j\u00e1 fui um cara que levei um tiro, que j\u00e1 fiquei oito dias em coma, paralisei meu lado esquerdo, fui sequestrado duas vezes, assaltado mais uma. Tive um choque anafil\u00e1tico, fiquei tr\u00eas dias em coma induzido, e o que eu tive de cada dez pessoas, nove \u00e9 \u00f3bito. Ent\u00e3o, tudo que passei cara, d\u00e1 um livro\u201d. <\/p>\n<p class=\"dark:base-text-neutral-high-400 base-text-[calc(theme(fontSize.xs)_*_var(--font-size,_1))] base-font-normal base-font-primary base-text-neutral-low-500 base-text-left\">Em 2000, Maicon teve que dar uma pausa na carreira ap\u00f3s sofrer um grave acidente enquanto viajava com o pai em um micro-\u00f4nibus: \u201cEu fiquei esmagado. Perfurei o lado direito do c\u00e9rebro, paralisei o meu lado esquerdo, fiquei oito dias em coma, quarenta e cinco dias na UTI\u201d, desabafa. <\/p>\n<p class=\"dark:base-text-neutral-high-400 base-text-[calc(theme(fontSize.xs)_*_var(--font-size,_1))] base-font-normal base-font-primary base-text-neutral-low-500 base-text-left\">De sorriso no rosto, o m\u00fasico conta os relatos de um per\u00edodo complicado, mas sempre sem perder o bom humor. \u201cEu brinco que gato tem sete vidas, no meu caso seis j\u00e1 foram. Eu estou me cuidando para n\u00e3o agravar essa situa\u00e7\u00e3o\u201d.<\/p>\n<p>Recusa ao Desafio Final<b> <\/b><\/p>\n<p class=\"dark:base-text-neutral-high-400 base-text-[calc(theme(fontSize.xs)_*_var(--font-size,_1))] base-font-normal base-font-primary base-text-neutral-low-500 base-text-left\">Empres\u00e1rio do ramo musical, Maicon deixa claro durante a entrevista que seu objetivo no programa nunca foi o pr\u00eamio: \u201cEu n\u00e3o estava l\u00e1 pelo dinheiro. Esse valor que eu recebo n\u00e3o vai fazer diferen\u00e7a nenhuma na minha vida hoje\u201d, afirma.<\/p>\n<p class=\"dark:base-text-neutral-high-400 base-text-[calc(theme(fontSize.xs)_*_var(--font-size,_1))] base-font-normal base-font-primary base-text-neutral-low-500 base-text-left\">O m\u00fasico poderia ter entrado para a hist\u00f3ria do Acerte ou Caia! ao bater o recorde de maior premia\u00e7\u00e3o do programa, que atualmente pertence ao Gustavo Marsengo, com R$ 214 mil. O valor final conquistado por Maicon poderia chegar a R$ 280 mil. Ele explica o porqu\u00ea de recusar o desafio, mas confessa o arrependimento:<\/p>\n<p class=\"dark:base-text-neutral-high-400 base-text-[calc(theme(fontSize.xs)_*_var(--font-size,_1))] base-font-normal base-font-primary base-text-neutral-low-500 base-text-left\">\u201cEu sempre fui muito cauteloso na minha vida, e muito ambicioso, mas nunca ganancioso. Ali eu fiquei com medo de me perder, de ser ganancioso. Mas hoje, se eu pudesse voltar no tempo, eu teria arriscado\u201d. <\/p>\n<p>Planos para o futuro<\/p>\n<p class=\"dark:base-text-neutral-high-400 base-text-[calc(theme(fontSize.xs)_*_var(--font-size,_1))] base-font-normal base-font-primary base-text-neutral-low-500 base-text-left\">Longe das estradas h\u00e1 8 anos, Maicon abre o jogo sobre uma volta na carreira musical e conta sobre um sonho para o pr\u00f3ximo ano.<\/p>\n<p class=\"dark:base-text-neutral-high-400 base-text-[calc(theme(fontSize.xs)_*_var(--font-size,_1))] base-font-normal base-font-primary base-text-neutral-low-500 base-text-left\">\u201cEu joguei para o universo que eu queria gravar um DVD com meu irm\u00e3o, em comemora\u00e7\u00e3o aos 40 anos de sucesso, mas s\u00f3 com m\u00fasicas que fizeram parte da nossa hist\u00f3ria. S\u00f3 daquela \u00e9poca, mas com artistas atuais fazendo participa\u00e7\u00f5es\u201d.<\/p>\n<p class=\"dark:base-text-neutral-high-400 base-text-[calc(theme(fontSize.xs)_*_var(--font-size,_1))] base-font-normal base-font-primary base-text-neutral-low-500 base-text-left\">A ideia empolga o m\u00fasico, que completa: \u201cDepois disso, fazer um ano de turn\u00ea s\u00f3 com shows pontuais e acabou\u201d, finaliza.<\/p>\n<p class=\"dark:base-text-neutral-high-400 base-text-[calc(theme(fontSize.xs)_*_var(--font-size,_1))] base-font-normal base-font-primary base-text-neutral-low-500 base-text-left\">*Estagi\u00e1rio sob supervis\u00e3o de Juliana Lambert<\/p>\n<p class=\"dark:base-text-neutral-high-400 base-text-[calc(theme(fontSize.xs)_*_var(--font-size,_1))] base-font-normal base-font-primary base-text-neutral-low-500 base-text-left\">O <a href=\"https:\/\/record.r7.com\/acerte-ou-caia\/\" rel=\"nofollow noopener\" target=\"_blank\"><b>Acerte ou Caia!<\/b><\/a> vai ao ar todos os domingos, a partir das 15h45, na tela da <a href=\"https:\/\/record.r7.com\/\" rel=\"nofollow noopener\" target=\"_blank\"><b>RECORD<\/b><\/a>. Acompanhe o site oficial e fique por dentro de todas as novidades. Reveja o programa completo no <a href=\"https:\/\/assine.playplus.com\/\" rel=\"nofollow noopener\" target=\"_blank\"><b>PlayPlus<\/b><\/a>.<\/p>\n<p><b>Veja tamb\u00e9m: campe\u00f5es de realities que venceram o Acerte ou Caia!<\/b><\/p>\n<p class=\"dark:base-text-neutral-high-400 base-text-[calc(theme(fontSize.xxs)_*_var(--font-size,_1))] base-font-semibold base-font-primary base-text-neutral-low-500 base-text-left\">Eles venceram mais uma vez! E agora no game show Acerte ou Caia! comandado por Tom Cavalcante nas tardes de domingo da RECORD. O site oficial separou um time de campe\u00f5es de peso, que j\u00e1 participou e venceu outros realities. Confira a seguir quem est\u00e1 no seleto grupo!<\/p>\n","protected":false},"excerpt":{"rendered":"Ex-dupla de Marlon tirou Babi Xavier da lideran\u00e7a, n\u00e3o encarou o Desafio Final e ainda levou R$ 60.750&hellip;\n","protected":false},"author":2,"featured_media":15132,"comment_status":"","ping_status":"","sticky":false,"template":"","format":"standard","meta":{"footnotes":""},"categories":[145],"tags":[4355,211,210,114,115,32,33,4356],"class_list":{"0":"post-15131","1":"post","2":"type-post","3":"status-publish","4":"format-standard","5":"has-post-thumbnail","7":"category-celebridades","8":"tag-acerte-ou-caia","9":"tag-celebridades","10":"tag-celebrities","11":"tag-entertainment","12":"tag-entretenimento","13":"tag-portugal","14":"tag-pt","15":"tag-tom-cavalcante"},"share_on_mastodon":{"url":"","error":""},"_links":{"self":[{"href":"https:\/\/www.europesays.com\/pt\/wp-json\/wp\/v2\/posts\/15131","targetHints":{"allow":["GET"]}}],"collection":[{"href":"https:\/\/www.europesays.com\/pt\/wp-json\/wp\/v2\/posts"}],"about":[{"href":"https:\/\/www.europesays.com\/pt\/wp-json\/wp\/v2\/types\/post"}],"author":[{"embeddable":true,"href":"https:\/\/www.europesays.com\/pt\/wp-json\/wp\/v2\/users\/2"}],"replies":[{"embeddable":true,"href":"https:\/\/www.europesays.com\/pt\/wp-json\/wp\/v2\/comments?post=15131"}],"version-history":[{"count":0,"href":"https:\/\/www.europesays.com\/pt\/wp-json\/wp\/v2\/posts\/15131\/revisions"}],"wp:featuredmedia":[{"embeddable":true,"href":"https:\/\/www.europesays.com\/pt\/wp-json\/wp\/v2\/media\/15132"}],"wp:attachment":[{"href":"https:\/\/www.europesays.com\/pt\/wp-json\/wp\/v2\/media?parent=15131"}],"wp:term":[{"taxonomy":"category","embeddable":true,"href":"https:\/\/www.europesays.com\/pt\/wp-json\/wp\/v2\/categories?post=15131"},{"taxonomy":"post_tag","embeddable":true,"href":"https:\/\/www.europesays.com\/pt\/wp-json\/wp\/v2\/tags?post=15131"}],"curies":[{"name":"wp","href":"https:\/\/api.w.org\/{rel}","templated":true}]}}