{"id":151313,"date":"2025-11-14T03:25:14","date_gmt":"2025-11-14T03:25:14","guid":{"rendered":"https:\/\/www.europesays.com\/pt\/151313\/"},"modified":"2025-11-14T03:25:14","modified_gmt":"2025-11-14T03:25:14","slug":"motogp-horarios-do-grande-premio-da-comunidade-valenciana-a-despedida-de-miguel-oliveira","status":"publish","type":"post","link":"https:\/\/www.europesays.com\/pt\/151313\/","title":{"rendered":"MotoGP \u2013 Hor\u00e1rios do Grande Pr\u00e9mio da Comunidade Valenciana, a despedida de Miguel Oliveira"},"content":{"rendered":"<p>De 14 a 16 de novembro o paddock de MotoGP concentra-se no circuito Ricardo Tormo, em Val\u00eancia, no que ser\u00e1 um regresso emotivo ao tra\u00e7ado valenciano depois de em 2024 a trag\u00e9dia ter atingido a regi\u00e3o devido a uma tempestade sem precedentes, obrigando a Dorna e a FIM a mudarem o \u00faltimo Grande Pr\u00e9mio da temporada para Barcelona.<\/p>\n<p>Agora, um ano depois e com previs\u00f5es climat\u00e9ricas que permitem antever um bom fim de semana de a\u00e7\u00e3o em pista no Grande Pr\u00e9mio da Comunidade Valenciana, estamos de regresso ao Ricardo Tormo para celebrar a derradeira corrida da temporada 2025 de MotoGP.<\/p>\n<p>O \u00fanico t\u00edtulo que est\u00e1 em discuss\u00e3o no pr\u00f3ximo domingo \u00e9 o de Moto2. O brasileiro Diogo Moreira, com a vit\u00f3ria em Portugal, conseguiu abrir uma vantagem de 24 pontos para Manu Gonzalez. O l\u00edder do campeonato e que subir\u00e1 \u00e0 categoria rainha em 2026 tem de somar 2 pontos a mais do que o seu rival. Aqui ficam as combina\u00e7\u00f5es poss\u00edveis no que \u00e0 discuss\u00e3o pelo t\u00edtulo de Moto2 diz respeito:<\/p>\n<p><strong>Diogo Moreira campe\u00e3o se:<\/strong><br \/>\u2013 Terminar 14\u00ba e Manu Gonzalez terminar em 1\u00ba<br \/>\u2013 Se Manu Gonzales terminar 2\u00ba, \u00e9 campe\u00e3o independentemente do seu resultado<br \/><strong>Manu Gonzalez campe\u00e3o se:<\/strong><br \/>\u2013 Terminar em 1\u00ba e Diogo Moreira terminar em 15\u00ba ou pior<\/p>\n<p>&#8211; PUBLICIDADE &#8211;<\/p>\n<p><img fetchpriority=\"high\" decoding=\"async\" class=\"aligncenter size-large wp-image-116094\" src=\"https:\/\/www.europesays.com\/pt\/wp-content\/uploads\/2025\/11\/Miguel-Oliveira-1-4-1024x684.webp.webp\" alt=\"motogp\" width=\"696\" height=\"465\"  \/><\/p>\n<p>Para os portugueses, este Grande Pr\u00e9mio da Comunidade Valenciana de MotoGP significa que tamb\u00e9m chegou o momento de nos despedirmos de Miguel Oliveira enquanto piloto da <strong>categoria rainha<\/strong>.<\/p>\n<p>As emo\u00e7\u00f5es mais fortes aconteceram em Portim\u00e3o no fim de semana passado, mas neste fim de semana teremos ent\u00e3o a \u00faltima corrida de Miguel Oliveira que vai tentar somar mais alguns pontos para a sua conta pessoal.<\/p>\n<p>Ser\u00e1 tamb\u00e9m interessante perceber se no s\u00e9timo Grande Pr\u00e9mio consecutivo teremos o s\u00e9timo piloto diferente a vencer. Numa situa\u00e7\u00e3o pouco habitual na era moderna, foram j\u00e1 seis os pilotos diferentes a vencerem os \u00faltimos seis Grandes Pr\u00e9mios. Teremos o s\u00e9timo piloto diferente a vencer?<\/p>\n<p>Refira-se que o plantel de MotoGP estar\u00e1 de certa forma refor\u00e7ado nesta despedida da temporada 2025.<\/p>\n<p>Em Val\u00eancia teremos o regresso \u00e0 competi\u00e7\u00e3o de Jorge Mart\u00edn (Aprilia Racing), Maverick Vi\u00f1ales (Red Bull KTM Tech3) e a presen\u00e7a de Augusto Fernandez com a nova Yamaha YZR-M1 com motor V4 est\u00e1 tamb\u00e9m confirmada. Nota ainda para a presen\u00e7a de Nicol\u00f2 Bulega na Ducati Lenovo Team, ele que j\u00e1 tinha competido em Portugal em substitui\u00e7\u00e3o de Marc M\u00e1rquez e agora vai cumprir o seu segundo Grande Pr\u00e9mio.<\/p>\n<p>&#8211; PUBLICIDADE &#8211;<\/p>\n<p>Nota ainda para Jorge Mart\u00edn. O campe\u00e3o de 2024 vai ter de cumprir uma dupla volta longa na corrida de domingo, uma penaliza\u00e7\u00e3o que lhe foi imposta devido ao incidente que provocou no arranque da corrida Sprint do Grande Pr\u00e9mio do Jap\u00e3o e que o deixou fora de competi\u00e7\u00e3o at\u00e9 agora.<\/p>\n<p><img loading=\"lazy\" decoding=\"async\" class=\"aligncenter size-large wp-image-116095\" src=\"https:\/\/www.europesays.com\/pt\/wp-content\/uploads\/2025\/11\/motoGP-3-1024x576.webp.webp\" alt=\"\" width=\"696\" height=\"392\"  \/><\/p>\n<p><strong>Hor\u00e1rios do Grande Pr\u00e9mio da Comunidade Valenciana de MotoGP<\/strong><\/p>\n<p><strong>Sexta-feira 14 de novembro<\/strong><br \/>08H00 \u2013 08H35 \u2013 Moto3 \u2013 Treino Livre 1<br \/>08H50 \u2013 09H30 \u2013 Moto2 \u2013 Treino Livre 1<br \/>09H45 \u2013 10H30 \u2013 MotoGP \u2013 Treino Livre 1<br \/>12H15 \u2013 12H50 \u2013 Moto3 \u2013 Treino<br \/>13H05 \u2013 13H45 \u2013 Moto2 \u2013 Treino<br \/>14H00 \u2013 15H00 \u2013 MotoGP \u2013 Treino<\/p>\n<p><strong>S\u00e1bado 15 de novembro<\/strong><br \/>07H40 \u2013 08H10 \u2013 Moto3 \u2013 Treino Livre 2<br \/>08H25 \u2013 08H55 \u2013 Moto2 \u2013 Treino Livre 2<br \/>09H10 \u2013 09H40 \u2013 MotoGP \u2013 Treino Livre 2<br \/>09H50 \u2013 10H05 \u2013 MotoGP \u2013 Qualifica\u00e7\u00e3o 1<br \/>10H15 \u2013 10H30 \u2013 MotoGP \u2013 Qualifica\u00e7\u00e3o 2<br \/>11H45 \u2013 12H00 \u2013 Moto3 \u2013 Qualifica\u00e7\u00e3o 1<br \/>12H10 \u2013 12H25 \u2013 Moto3 \u2013 Qualifica\u00e7\u00e3o 2<br \/>12H40 \u2013 12H55 \u2013 Moto2 \u2013 Qualifica\u00e7\u00e3o 1<br \/>13H05 \u2013 13H20 \u2013 Moto2 \u2013 Qualifica\u00e7\u00e3o 2<br \/>14H00 \u2013 MotoGP \u2013 corrida Sprint (13 voltas)<\/p>\n<p><strong>Domingo 16 de novembro<\/strong><br \/>08H40 \u2013 08H50 \u2013 MotoGP \u2013 Warm Up<br \/>10H00 \u2013 Moto3 \u2013 Corrida (20 voltas)<br \/>11H15 \u2013 Moto2 \u2013 Corrida (22 voltas)<br \/>13H00 \u2013 MotoGP \u2013 Corrida (27 voltas)<\/p>\n<p>Fique atento a\u00a0<a href=\"https:\/\/motojornal.pt\/\" target=\"_blank\" rel=\"noopener nofollow\"><strong>www.motojornal.pt<\/strong><\/a>\u00a0para estar sempre a par de todas as novidades do mundo do desporto em duas rodas. E siga-nos no\u00a0<strong><a href=\"https:\/\/www.whatsapp.com\/channel\/0029Vb0iu9WA89MZlDrSZm0k\" target=\"_blank\" rel=\"noopener nofollow\">Canal Oficial da Revista Motojornal no WhatsApp<\/a><\/strong>\u00a0para receber todas as not\u00edcias atualizadas diretamente no seu telem\u00f3vel de forma ainda mais pr\u00e1tica!<\/p>\n","protected":false},"excerpt":{"rendered":"De 14 a 16 de novembro o paddock de MotoGP concentra-se no circuito Ricardo Tormo, em Val\u00eancia, no&hellip;\n","protected":false},"author":2,"featured_media":151314,"comment_status":"","ping_status":"","sticky":false,"template":"","format":"standard","meta":{"footnotes":""},"categories":[87],"tags":[135,1661,32822,17084,3201,10167,10166,32,33,32823,134,18864],"class_list":{"0":"post-151313","1":"post","2":"type-post","3":"status-publish","4":"format-standard","5":"has-post-thumbnail","7":"category-desporto","8":"tag-desporto","9":"tag-destaque","10":"tag-grande-premio-da-comunidade-valenciana","11":"tag-horarios","12":"tag-insta","13":"tag-miguel-oliveira","14":"tag-motogp","15":"tag-portugal","16":"tag-pt","17":"tag-ricardo-tormo","18":"tag-sports","19":"tag-temporada-2025"},"share_on_mastodon":{"url":"https:\/\/pubeurope.com\/@pt\/115545920375140273","error":""},"_links":{"self":[{"href":"https:\/\/www.europesays.com\/pt\/wp-json\/wp\/v2\/posts\/151313","targetHints":{"allow":["GET"]}}],"collection":[{"href":"https:\/\/www.europesays.com\/pt\/wp-json\/wp\/v2\/posts"}],"about":[{"href":"https:\/\/www.europesays.com\/pt\/wp-json\/wp\/v2\/types\/post"}],"author":[{"embeddable":true,"href":"https:\/\/www.europesays.com\/pt\/wp-json\/wp\/v2\/users\/2"}],"replies":[{"embeddable":true,"href":"https:\/\/www.europesays.com\/pt\/wp-json\/wp\/v2\/comments?post=151313"}],"version-history":[{"count":0,"href":"https:\/\/www.europesays.com\/pt\/wp-json\/wp\/v2\/posts\/151313\/revisions"}],"wp:featuredmedia":[{"embeddable":true,"href":"https:\/\/www.europesays.com\/pt\/wp-json\/wp\/v2\/media\/151314"}],"wp:attachment":[{"href":"https:\/\/www.europesays.com\/pt\/wp-json\/wp\/v2\/media?parent=151313"}],"wp:term":[{"taxonomy":"category","embeddable":true,"href":"https:\/\/www.europesays.com\/pt\/wp-json\/wp\/v2\/categories?post=151313"},{"taxonomy":"post_tag","embeddable":true,"href":"https:\/\/www.europesays.com\/pt\/wp-json\/wp\/v2\/tags?post=151313"}],"curies":[{"name":"wp","href":"https:\/\/api.w.org\/{rel}","templated":true}]}}