{"id":151317,"date":"2025-11-14T03:33:38","date_gmt":"2025-11-14T03:33:38","guid":{"rendered":"https:\/\/www.europesays.com\/pt\/151317\/"},"modified":"2025-11-14T03:33:38","modified_gmt":"2025-11-14T03:33:38","slug":"cristina-ferreira-a-revelacao-que-andre-ventura-fez-em-off-sobre-o-casamento-de-rita-matias-ele-desmanchou-se","status":"publish","type":"post","link":"https:\/\/www.europesays.com\/pt\/151317\/","title":{"rendered":"Cristina Ferreira &#8211; A revela\u00e7\u00e3o que Andr\u00e9 Ventura fez &#8220;em off&#8221; sobre o casamento de Rita Matias: &#8220;Ele desmanchou-se&#8230;&#8221;"},"content":{"rendered":"<p><strong>Cristina Ferreira <\/strong>voltou a surpreender os espetadores do &#8216;Dois \u00e0s 10&#8217; com uma revela\u00e7\u00e3o curiosa sobre <strong>Andr\u00e9 Ventura<\/strong> e <strong>Rita Matias<\/strong>. A apresentadora contou que, <a href=\"https:\/\/www.novagente.pt\/andre-ventura-aponta-dedo-claudio-ramos-quando-eu-ca-venho\" rel=\"nofollow noopener\" target=\"_blank\">durante a entrevista que fez recentemente<\/a> ao l\u00edder do Chega, houve um momento de conversa \u201cem off\u201d onde o pol\u00edtico acabou por deixar escapar<a href=\"https:\/\/www.novagente.pt\/rita-matias-deputada-do-chega-esta-noiva-veja-imagens-da-despedida-de-solteira\" rel=\"nofollow noopener\" target=\"_blank\"> a data do casamento<\/a> de<strong> Rita Matias<\/strong> com o seu guarda-costas.<\/p>\n<p><strong>\u201cQuando entrevistei o Andr\u00e9 Ventura, por acaso foi em off, eu disse: \u2018Ent\u00e3o, vai haver casamento?\u2019 E ele disse: \u2018Pois, n\u00e3o sei\u2019\u201d<\/strong>, come\u00e7ou por partilhar Cristina Ferreira, recordando o momento de bastidores.<\/p>\n<p>Mas a estrela da TVI revelou que a resposta inicial de Ventura n\u00e3o durou muito. <strong>\u201cEle depois desmanchou-se e disse: \u2018\u00c9 em dezembro\u2019\u201d,<\/strong> contou entre risos, revelando assim o m\u00eas em que a deputada do Chega dever\u00e1 subir ao altar.<\/p>\n<p>Texto: Tiago Miguel Sim\u00f5es; Fotos: Impala<\/p>\n<p class=\"intagram-text\">Siga a Nova Gente no Instagram<\/p>\n<p>                        <a href=\"https:\/\/www.instagram.com\/revistanovagente\/\" target=\"_blank\" aria-label=\"instagram\" rel=\"noopener nofollow\"><img decoding=\"async\" style=\"display: block; margin-left: auto; margin-right: auto; width: 250px; height: 83px;\" src=\"https:\/\/www.europesays.com\/pt\/wp-content\/uploads\/2025\/11\/Instagram_NG.png\" alt=\"instagram\"\/><\/a><br \/>\n                    <script async src=\"\/\/www.instagram.com\/embed.js\"><\/script><\/p>\n","protected":false},"excerpt":{"rendered":"Cristina Ferreira voltou a surpreender os espetadores do &#8216;Dois \u00e0s 10&#8217; com uma revela\u00e7\u00e3o curiosa sobre Andr\u00e9 Ventura&hellip;\n","protected":false},"author":2,"featured_media":151318,"comment_status":"","ping_status":"","sticky":false,"template":"","format":"standard","meta":{"footnotes":""},"categories":[145],"tags":[3386,211,210,166,114,115,32,33,19868],"class_list":{"0":"post-151317","1":"post","2":"type-post","3":"status-publish","4":"format-standard","5":"has-post-thumbnail","7":"category-celebridades","8":"tag-andre-ventura","9":"tag-celebridades","10":"tag-celebrities","11":"tag-cristina-ferreira","12":"tag-entertainment","13":"tag-entretenimento","14":"tag-portugal","15":"tag-pt","16":"tag-rita-matias"},"share_on_mastodon":{"url":"https:\/\/pubeurope.com\/@pt\/115545951867168823","error":""},"_links":{"self":[{"href":"https:\/\/www.europesays.com\/pt\/wp-json\/wp\/v2\/posts\/151317","targetHints":{"allow":["GET"]}}],"collection":[{"href":"https:\/\/www.europesays.com\/pt\/wp-json\/wp\/v2\/posts"}],"about":[{"href":"https:\/\/www.europesays.com\/pt\/wp-json\/wp\/v2\/types\/post"}],"author":[{"embeddable":true,"href":"https:\/\/www.europesays.com\/pt\/wp-json\/wp\/v2\/users\/2"}],"replies":[{"embeddable":true,"href":"https:\/\/www.europesays.com\/pt\/wp-json\/wp\/v2\/comments?post=151317"}],"version-history":[{"count":0,"href":"https:\/\/www.europesays.com\/pt\/wp-json\/wp\/v2\/posts\/151317\/revisions"}],"wp:featuredmedia":[{"embeddable":true,"href":"https:\/\/www.europesays.com\/pt\/wp-json\/wp\/v2\/media\/151318"}],"wp:attachment":[{"href":"https:\/\/www.europesays.com\/pt\/wp-json\/wp\/v2\/media?parent=151317"}],"wp:term":[{"taxonomy":"category","embeddable":true,"href":"https:\/\/www.europesays.com\/pt\/wp-json\/wp\/v2\/categories?post=151317"},{"taxonomy":"post_tag","embeddable":true,"href":"https:\/\/www.europesays.com\/pt\/wp-json\/wp\/v2\/tags?post=151317"}],"curies":[{"name":"wp","href":"https:\/\/api.w.org\/{rel}","templated":true}]}}