{"id":151319,"date":"2025-11-14T03:36:08","date_gmt":"2025-11-14T03:36:08","guid":{"rendered":"https:\/\/www.europesays.com\/pt\/151319\/"},"modified":"2025-11-14T03:36:08","modified_gmt":"2025-11-14T03:36:08","slug":"casal-em-altas-no-ranking-de-popularidade-e-ha-uma-concorrente-que-esta-em-queda-livre-secret-story","status":"publish","type":"post","link":"https:\/\/www.europesays.com\/pt\/151319\/","title":{"rendered":"Casal em altas no Ranking de Popularidade: e h\u00e1 uma concorrente que est\u00e1 em &#8216;queda livre&#8217; &#8211; Secret Story"},"content":{"rendered":"<p>Esta semana, h\u00e1 um novo ranking de popularidade do <a href=\"https:\/\/tvi.iol.pt\/secretstory\/aominuto\" rel=\"nofollow noopener\" target=\"_blank\"><strong>Secret Story &#8211; Casa dos Segredos 9<\/strong><\/a>\u00a0e, sem grandes mudan\u00e7as, o <strong>Gangue dos Frescos <\/strong>continua a ocupar os primeiros lugares.\u00a0<\/p>\n<p>Pela segunda semana consecutiva, <strong>Pedro ocupa o topo do ranking, com 94% de votos positivos<\/strong> contra apenas 6% de votos pela negativa. Segue-se a mulher,<strong> Marisa, e Leandro<\/strong> fecha o p\u00f3dio. A concorrente que, na semana passada, tinha descido de 1.\u00ba para 3.\u00ba lugar, conquistou esta semana o 2.\u00ba, <a href=\"https:\/\/tvi.iol.pt\/secretstory\/mais-vistos\" rel=\"nofollow noopener\" target=\"_blank\">mas n\u00e3o conseguiu &#8216;destronar&#8217; Pedro.<\/a><\/p>\n<p>Esta semana, <strong>Ana Cristina tamb\u00e9m ultrapassou Liliana<\/strong>, que ocupa agora a 7\u00aa posi\u00e7\u00e3o. Na semana passada, a jovem tinha conquistado o 6.\u00ba lugar, depois de v\u00e1rias semanas a ocupar o fim da tabela.\u00a0<\/p>\n<p>No fim da tabela, <strong>Bruno ocupa a \u00faltima posi\u00e7\u00e3o, com 91% de votos negativos <\/strong>e apenas 9% de votos pela positiva. Esta semana,\u00a0<strong>Bruna <\/strong>est\u00e1 em pen\u00faltimo lugar, sucedendo <strong>Dylan,<\/strong> que ocupa a 10\u00aa posi\u00e7\u00e3o. Bruna come\u00e7ou as primeiras semanas muito bem posicionada, mas tem vindo a perder popularidade nas redes sociais.\u00a0<\/p>\n<p><strong>Pode ver aqui o ranking completo:<\/strong><\/p>\n","protected":false},"excerpt":{"rendered":"Esta semana, h\u00e1 um novo ranking de popularidade do Secret Story &#8211; Casa dos Segredos 9\u00a0e, sem grandes&hellip;\n","protected":false},"author":2,"featured_media":142037,"comment_status":"","ping_status":"","sticky":false,"template":"","format":"standard","meta":{"footnotes":""},"categories":[142],"tags":[114,115,18800,21889,32,33,1315,151,162,18801],"class_list":{"0":"post-151319","1":"post","2":"type-post","3":"status-publish","4":"format-standard","5":"has-post-thumbnail","7":"category-tv","8":"tag-entertainment","9":"tag-entretenimento","10":"tag-momentos-virais-secret-story","11":"tag-popularidade","12":"tag-portugal","13":"tag-pt","14":"tag-secret-story","15":"tag-tv","16":"tag-tvi","17":"tag-videos-virais-concorrentes"},"share_on_mastodon":{"url":"https:\/\/pubeurope.com\/@pt\/115545963392004604","error":""},"_links":{"self":[{"href":"https:\/\/www.europesays.com\/pt\/wp-json\/wp\/v2\/posts\/151319","targetHints":{"allow":["GET"]}}],"collection":[{"href":"https:\/\/www.europesays.com\/pt\/wp-json\/wp\/v2\/posts"}],"about":[{"href":"https:\/\/www.europesays.com\/pt\/wp-json\/wp\/v2\/types\/post"}],"author":[{"embeddable":true,"href":"https:\/\/www.europesays.com\/pt\/wp-json\/wp\/v2\/users\/2"}],"replies":[{"embeddable":true,"href":"https:\/\/www.europesays.com\/pt\/wp-json\/wp\/v2\/comments?post=151319"}],"version-history":[{"count":0,"href":"https:\/\/www.europesays.com\/pt\/wp-json\/wp\/v2\/posts\/151319\/revisions"}],"wp:featuredmedia":[{"embeddable":true,"href":"https:\/\/www.europesays.com\/pt\/wp-json\/wp\/v2\/media\/142037"}],"wp:attachment":[{"href":"https:\/\/www.europesays.com\/pt\/wp-json\/wp\/v2\/media?parent=151319"}],"wp:term":[{"taxonomy":"category","embeddable":true,"href":"https:\/\/www.europesays.com\/pt\/wp-json\/wp\/v2\/categories?post=151319"},{"taxonomy":"post_tag","embeddable":true,"href":"https:\/\/www.europesays.com\/pt\/wp-json\/wp\/v2\/tags?post=151319"}],"curies":[{"name":"wp","href":"https:\/\/api.w.org\/{rel}","templated":true}]}}