{"id":151320,"date":"2025-11-14T03:39:15","date_gmt":"2025-11-14T03:39:15","guid":{"rendered":"https:\/\/www.europesays.com\/pt\/151320\/"},"modified":"2025-11-14T03:39:15","modified_gmt":"2025-11-14T03:39:15","slug":"f1-cadillac-realiza-primeiro-teste-em-pista-com-sergio-perez","status":"publish","type":"post","link":"https:\/\/www.europesays.com\/pt\/151320\/","title":{"rendered":"F1: Cadillac realiza primeiro teste em pista, com Sergio P\u00e9rez"},"content":{"rendered":"<p>A Cadillac realizou o seu primeiro teste em pista na F\u00f3rmula 1 com Sergio P\u00e9rez ao volante de um Ferrari SF-23 no circuito de Imola, num passo simb\u00f3lico e operacional rumo \u00e0 estreia oficial da equipa em 2026. O construtor norte-americano intensifica assim os preparativos para a entrada no campeonato como 11.\u00aa equipa, contando com o apoio t\u00e9cnico da Ferrari durante esta fase inicial.<\/p>\n<p>Antes de se tornar fabricante integral de unidades motrizes, a Cadillac beneficia da ced\u00eancia de motores, caixas de velocidades e do monolugar de 2023 da Ferrari, utilizado especificamente para testes permitidos ao abrigo das regras TPC. O SF-23 foi inicialmente testado em Fiorano por Arthur Leclerc, piloto de desenvolvimento da Scuderia, antes de seguir para Imola para a primeira sess\u00e3o completa conduzida por Sergio P\u00e9rez.<\/p>\n<blockquote class=\"twitter-tweet\" data-media-max-width=\"560\">\n<p lang=\"en\" dir=\"ltr\">More photos of Sergio Perez in action at Imola with the Ferrari SF-23 today. <a href=\"https:\/\/twitter.com\/hashtag\/CadillacF1Team?src=hash&amp;ref_src=twsrc%5Etfw\" rel=\"nofollow noopener\" target=\"_blank\">#CadillacF1Team<\/a> <a href=\"https:\/\/twitter.com\/hashtag\/F1?src=hash&amp;ref_src=twsrc%5Etfw\" rel=\"nofollow noopener\" target=\"_blank\">#F1<\/a> <a href=\"https:\/\/t.co\/KkyTta1EYD\" rel=\"nofollow\">pic.twitter.com\/KkyTta1EYD<\/a><\/p>\n<p>\u2014 Lucho Yoma (@LucianoYoma) <a href=\"https:\/\/twitter.com\/LucianoYoma\/status\/1988936523698565478?ref_src=twsrc%5Etfw\" rel=\"nofollow noopener\" target=\"_blank\">November 13, 2025<\/a><\/p>\n<\/blockquote>\n<p>A escolha de P\u00e9rez deve-se ao facto de Valtteri Bottas \u2014 que formar\u00e1 dupla com o mexicano em 2026 \u2014 ainda estar vinculado \u00e0 Mercedes como piloto de reserva at\u00e9 ao final da \u00e9poca. Assim, P\u00e9rez assume o papel de refer\u00eancia neste primeiro contacto operacional da Cadillac com um F\u00f3rmula 1 real.<\/p>\n<p>O diretor da equipa, Graeme Lowdon, j\u00e1 havia explicado, durante o Grande Pr\u00e9mio de Singapura, que o objetivo central destes testes n\u00e3o passa por obter vantagens t\u00e9cnicas, mas sim por treinar e afinar procedimentos internos. A utiliza\u00e7\u00e3o de um carro com dois anos cumpre integralmente os regulamentos e permite simular condi\u00e7\u00f5es de trabalho pr\u00f3ximas da realidade competitiva.<\/p>\n<blockquote class=\"twitter-tweet\">\n<p lang=\"en\" dir=\"ltr\">A beautiful sight\ud83d\udda4\ud83c\uddf2\ud83c\uddfd<a href=\"https:\/\/twitter.com\/hashtag\/CadillacF1Team?src=hash&amp;ref_src=twsrc%5Etfw\" rel=\"nofollow noopener\" target=\"_blank\">#CadillacF1Team<\/a> <\/p>\n<p>(<a href=\"https:\/\/twitter.com\/wearetherace?ref_src=twsrc%5Etfw\" rel=\"nofollow noopener\" target=\"_blank\">@wearetherace<\/a>) <a href=\"https:\/\/t.co\/DGT49aOOLK\" rel=\"nofollow\">pic.twitter.com\/DGT49aOOLK<\/a><\/p>\n<p>\u2014 Cadillac F1 News (@CadillacF1News_) <a href=\"https:\/\/twitter.com\/CadillacF1News_\/status\/1988927964860543013?ref_src=twsrc%5Etfw\" rel=\"nofollow noopener\" target=\"_blank\">November 13, 2025<\/a><\/p>\n<\/blockquote>\n<p>Graeme Lowdon afirmou: \u201cQueremos usar um carro porque, em todas as simula\u00e7\u00f5es que fazemos, tentamos torn\u00e1-las o mais realistas poss\u00edvel. As pessoas ficam por vezes preocupadas com a possibilidade de obtermos vantagem por testar o carro de outra equipa \u2014 mas n\u00e3o estamos a testar o carro, estamos a testar as pessoas.\u201d<\/p>\n<p>Explicou ainda que o benef\u00edcio procurado \u00e9 exclusivamente humano e operacional: \u201cA vantagem que queremos n\u00e3o tem a ver com o carro. Queremos que os nossos mec\u00e2nicos tenham a mesma experi\u00eancia que todos os outros no paddock, que ganhem a mem\u00f3ria muscular necess\u00e1ria para operar um F1: colocar mantas t\u00e9rmicas, lidar com o tamanho, o calor e a presen\u00e7a de um monolugar.\u201d<\/p>\n<p>Lowdon sublinhou que esta etapa \u00e9 essencial para preparar a estrutura para 2026, garantindo que a equipa chega \u00e0 grelha com processos consolidados e compet\u00eancia operacional ao n\u00edvel dos atuais concorrentes.<\/p>\n<p>\t\t\t<script async src=\"https:\/\/platform.twitter.com\/widgets.js\" charset=\"utf-8\"><\/script><\/p>\n","protected":false},"excerpt":{"rendered":"A Cadillac realizou o seu primeiro teste em pista na F\u00f3rmula 1 com Sergio P\u00e9rez ao volante de&hellip;\n","protected":false},"author":2,"featured_media":151321,"comment_status":"","ping_status":"","sticky":false,"template":"","format":"standard","meta":{"footnotes":""},"categories":[87],"tags":[13934,135,1162,970,971,718,1163,32,33,13910,134],"class_list":{"0":"post-151320","1":"post","2":"type-post","3":"status-publish","4":"format-standard","5":"has-post-thumbnail","7":"category-desporto","8":"tag-cadillac","9":"tag-desporto","10":"tag-destaque-homepage","11":"tag-f1","12":"tag-formula-1","13":"tag-newsletter","14":"tag-newsletter-destaque","15":"tag-portugal","16":"tag-pt","17":"tag-sergio-perez","18":"tag-sports"},"share_on_mastodon":{"url":"https:\/\/pubeurope.com\/@pt\/115545975164623733","error":""},"_links":{"self":[{"href":"https:\/\/www.europesays.com\/pt\/wp-json\/wp\/v2\/posts\/151320","targetHints":{"allow":["GET"]}}],"collection":[{"href":"https:\/\/www.europesays.com\/pt\/wp-json\/wp\/v2\/posts"}],"about":[{"href":"https:\/\/www.europesays.com\/pt\/wp-json\/wp\/v2\/types\/post"}],"author":[{"embeddable":true,"href":"https:\/\/www.europesays.com\/pt\/wp-json\/wp\/v2\/users\/2"}],"replies":[{"embeddable":true,"href":"https:\/\/www.europesays.com\/pt\/wp-json\/wp\/v2\/comments?post=151320"}],"version-history":[{"count":0,"href":"https:\/\/www.europesays.com\/pt\/wp-json\/wp\/v2\/posts\/151320\/revisions"}],"wp:featuredmedia":[{"embeddable":true,"href":"https:\/\/www.europesays.com\/pt\/wp-json\/wp\/v2\/media\/151321"}],"wp:attachment":[{"href":"https:\/\/www.europesays.com\/pt\/wp-json\/wp\/v2\/media?parent=151320"}],"wp:term":[{"taxonomy":"category","embeddable":true,"href":"https:\/\/www.europesays.com\/pt\/wp-json\/wp\/v2\/categories?post=151320"},{"taxonomy":"post_tag","embeddable":true,"href":"https:\/\/www.europesays.com\/pt\/wp-json\/wp\/v2\/tags?post=151320"}],"curies":[{"name":"wp","href":"https:\/\/api.w.org\/{rel}","templated":true}]}}