{"id":151326,"date":"2025-11-14T03:47:15","date_gmt":"2025-11-14T03:47:15","guid":{"rendered":"https:\/\/www.europesays.com\/pt\/151326\/"},"modified":"2025-11-14T03:47:15","modified_gmt":"2025-11-14T03:47:15","slug":"o-problema-de-saude-que-fez-david-coverdale-se-aposentar","status":"publish","type":"post","link":"https:\/\/www.europesays.com\/pt\/151326\/","title":{"rendered":"O problema de sa\u00fade que fez David Coverdale se aposentar"},"content":{"rendered":"\n<p>Como <a href=\"https:\/\/igormiranda.com.br\/2025\/11\/david-coverdale-whitesnake-anuncia-sua-aposentadoria-oficialmente\/\" target=\"_blank\" rel=\"noreferrer noopener nofollow\">noticiado<\/a>, <strong><a href=\"https:\/\/igormiranda.com.br\/tag\/david-coverdale\/\" target=\"_blank\" rel=\"noreferrer noopener nofollow\">David Coverdale<\/a><\/strong> confirmou sua aposentadoria. Hoje com 74 anos, o l\u00edder do <strong><a href=\"https:\/\/igormiranda.com.br\/tag\/whitesnake\/\" target=\"_blank\" rel=\"noreferrer noopener nofollow\">Whitesnake<\/a><\/strong> e ex-vocalista do <strong><a href=\"https:\/\/igormiranda.com.br\/tag\/deep-purple\/\" target=\"_blank\" rel=\"noreferrer noopener nofollow\">Deep Purple<\/a><\/strong> j\u00e1 estava afastado dos palcos desde 2022 por motivos de sa\u00fade e finalmente confirmou o que j\u00e1 vinha se desenhando h\u00e1 algum tempo.<\/p>\n<p>\u00ad<\/p>\n<p>&#8211; Advertisement &#8211;<\/p>\n<p>Ainda em 2022, o Whitesnake precisou cancelar as partes europeia e norte-americana de sua turn\u00ea de despedida.\u00a0O fim das atividades da banda j\u00e1 era previsto \u2014 com o an\u00fancio de Coverdale, apenas foi executado sem a realiza\u00e7\u00e3o de todas as apresenta\u00e7\u00f5es previstas.<\/p>\n<p>Em <a href=\"https:\/\/igormiranda.com.br\/wp-admin\/post.php?post=111307&amp;action=edit\" target=\"_blank\" rel=\"noreferrer noopener nofollow\">entrevista<\/a> de 2023 \u00e0 r\u00e1dio 107.1 The Boss, o vocalista e baixista <strong>Glenn Hughes<\/strong>, amigo de David e ex-colega dele no Deep Purple, comentou a possibilidade de uma colabora\u00e7\u00e3o entre os dois durante sua j\u00e1 encerrada turn\u00ea em celebra\u00e7\u00e3o aos 50 anos do \u00e1lbum <strong>\u201cBurn\u201d<\/strong> (1974). Na ocasi\u00e3o, acabou revelando que o antigo parceiro musical sofre especificamente de um problema de sinusite cr\u00f4nica.<\/p>\n<p>\u201cConversamos sobre isso [colabora\u00e7\u00e3o], mas a janela de oportunidade est\u00e1 se fechando muito porque David n\u00e3o\u2026 Ele ainda tem um problema de sinusite. Olha, eu s\u00f3 quero desejar a ele o melhor. Espero que ele continue. [\u2026] Falo com ele frequentemente. [\u2026] Amo muito David, muito mesmo. Ele \u00e9 um dos meus amigos mais pr\u00f3ximos.\u201d<\/p>\n<p>No mesmo ano de 2023, ao programa Trunk Nation, Coverdale revelou que recebia ofertas para retomar o Whitesnake e mantinha contato com os m\u00fasicos da \u00faltima forma\u00e7\u00e3o. No entanto, n\u00e3o poderia se comprometer a nada at\u00e9 que seu \u201caspecto f\u00edsico se recomponha\u201d.<\/p>\n<p>O artista contou ainda que ficou \u201cdoente por um ano\u201d e destacou mais problemas com os quais teve que lidar no per\u00edodo.<\/p>\n<p>\u201cTive uma queda recentemente, o que n\u00e3o acho que tenha ajudado\u2026 Estou com dois manguitos rotadores rompidos, o que certamente comprometeria meu desempenho. Tamb\u00e9m h\u00e1 a artrite, todo esse tipo de coisa est\u00e1 fazendo efeito.\u201d<\/p>\n<p> A sa\u00fade de David Coverdale <\/p>\n<p>A sa\u00fade de David Coverdale se tornou um obst\u00e1culo para o Whitesnake entre junho e julho de 2022. Em meio a turn\u00ea de despedida do grupo, o vocalista sofreu com um quadro de infec\u00e7\u00e3o na traqueia e sinusite. Por ordens m\u00e9dicas, precisou cancelar as datas remanescentes da excurs\u00e3o.<\/p>\n<p>N\u00e3o \u00e9 de hoje que Coverdale sofre com a sinusite. Durante as grava\u00e7\u00f5es do \u00e1lbum <strong>\u201c1987\u201d<\/strong>, o m\u00fasico teve que se ausentar por seis meses ap\u00f3s uma crise forte que demandou at\u00e9 mesmo cirurgia.<\/p>\n<p> O adeus <\/p>\n<p>Nesta quinta-feira (13), David Coverdale publicou um v\u00eddeo com uma mensagem de despedida em seu canal no YouTube. O cantor agradeceu o suporte ao longo de todas as d\u00e9cadas e fez declara\u00e7\u00f5es de amor aos f\u00e3s e pessoas pr\u00f3ximas.<\/p>\n<p>Disse o m\u00fasico (com transcri\u00e7\u00e3o do <a href=\"https:\/\/blabbermouth.net\/news\/whitesnakes-david-coverdale-announces-retirement-its-time-for-me-to-call-it-a-day\" target=\"_blank\" rel=\"noreferrer noopener nofollow\">Blabbermouth<\/a>):<\/p>\n<p>\u201cSenhoras e senhores, meninos e meninas, irm\u00e3os e irm\u00e3s da \u2018cobra\u2019, um an\u00fancio especial para voc\u00eas. Depois de mais de 50 anos de uma jornada incr\u00edvel com voc\u00eas, com o <strong>Deep Purple<\/strong>, com o <strong>Whitesnake<\/strong>, <strong>Jimmy Page<\/strong>, os \u00faltimos anos ficaram evidentes para mim que realmente \u00e9 hora de pendurar meus sapatos de plataforma rock and roll e meu jeans colado. E como voc\u00eas podem ver, n\u00f3s cuidamos da juba do le\u00e3o. Mas \u00e9 hora, para mim, de encerrar.<\/p>\n<p>Amo muito voc\u00eas. Eu agrade\u00e7o a todos que me ajudaram e apoiaram nessa jornada incr\u00edvel \u2013 todos os m\u00fasicos, a equipe, os f\u00e3s, a fam\u00edlia. \u00c9 incr\u00edvel, mas realmente \u00e9 a minha hora de aproveitar minha aposentadoria. E eu espero que voc\u00eas possam apreciar isso. Mais uma vez, eu amo voc\u00eas com todo o meu cora\u00e7\u00e3o. Adeus.\u201d<\/p>\n<p>  O fim do Whitesnake <\/p>\n<p>Ao longo dos \u00faltimos anos, <strong>David Coverdale <\/strong>vinha enfrentando problemas respirat\u00f3rios que, somados \u00e0 idade, o impedem de se apresentar em alto n\u00edvel. A banda foi colocada em hiato em 2022, ap\u00f3s um show no <strong>Hellfest<\/strong>, na Fran\u00e7a, e o cancelamento de datas remanescentes de uma turn\u00ea de despedida.<\/p>\n<p>A \u00faltima forma\u00e7\u00e3o do Whitesnake trouxe <strong>Tanya O\u2019Callaghan<\/strong> (baixo, tamb\u00e9m da banda solo de <strong>Bruce Dickinson<\/strong>), <strong>Reb Beach<\/strong> (<strong>Winger<\/strong>) e <strong>Joel Hoekstra<\/strong> (guitarras), <strong>Dino Jelusick<\/strong> e <strong>Michele Luppi<\/strong> (teclados e vocais de apoio) e <strong>Tommy Aldridge<\/strong> (bateria).<\/p>\n<p><strong>Clique<\/strong> para seguir IgorMiranda.com.br no: <a href=\"https:\/\/instagram.com\/igormirandasite\" target=\"_blank\" rel=\"noreferrer noopener nofollow\">Instagram<\/a> | <a href=\"https:\/\/bsky.app\/profile\/igormirandasite.bsky.social\" target=\"_blank\" rel=\"noreferrer noopener nofollow\">Bluesky<\/a> | <a href=\"https:\/\/twitter.com\/igormirandasite\" target=\"_blank\" rel=\"noreferrer noopener nofollow\">Twitter<\/a> | <a href=\"https:\/\/tiktok.com\/@igormirandasite\" target=\"_blank\" rel=\"noreferrer noopener nofollow\">TikTok<\/a> | <a href=\"https:\/\/facebook.com\/igormirandasite\" target=\"_blank\" rel=\"noreferrer noopener nofollow\">Facebook<\/a> | <a href=\"https:\/\/www.youtube.com\/igormirandasite\" target=\"_blank\" rel=\"noreferrer noopener nofollow\">YouTube<\/a> | <a href=\"https:\/\/www.threads.net\/@igormirandasite\" target=\"_blank\" rel=\"noreferrer noopener nofollow\">Threads<\/a>.<\/p>\n<p> <script async src=\"https:\/\/platform.twitter.com\/widgets.js\" charset=\"utf-8\"><\/script><script async src=\"\/\/www.instagram.com\/embed.js\"><\/script><script async src=\"\/\/www.tiktok.com\/embed.js\"><\/script><\/p>\n","protected":false},"excerpt":{"rendered":"Como noticiado, David Coverdale confirmou sua aposentadoria. Hoje com 74 anos, o l\u00edder do Whitesnake e ex-vocalista do&hellip;\n","protected":false},"author":2,"featured_media":151327,"comment_status":"","ping_status":"","sticky":false,"template":"","format":"standard","meta":{"footnotes":""},"categories":[145],"tags":[211,210,32805,114,115,32,33,32806],"class_list":{"0":"post-151326","1":"post","2":"type-post","3":"status-publish","4":"format-standard","5":"has-post-thumbnail","7":"category-celebridades","8":"tag-celebridades","9":"tag-celebrities","10":"tag-david-coverdale","11":"tag-entertainment","12":"tag-entretenimento","13":"tag-portugal","14":"tag-pt","15":"tag-whitesnake"},"share_on_mastodon":{"url":"https:\/\/pubeurope.com\/@pt\/115546006684985189","error":""},"_links":{"self":[{"href":"https:\/\/www.europesays.com\/pt\/wp-json\/wp\/v2\/posts\/151326","targetHints":{"allow":["GET"]}}],"collection":[{"href":"https:\/\/www.europesays.com\/pt\/wp-json\/wp\/v2\/posts"}],"about":[{"href":"https:\/\/www.europesays.com\/pt\/wp-json\/wp\/v2\/types\/post"}],"author":[{"embeddable":true,"href":"https:\/\/www.europesays.com\/pt\/wp-json\/wp\/v2\/users\/2"}],"replies":[{"embeddable":true,"href":"https:\/\/www.europesays.com\/pt\/wp-json\/wp\/v2\/comments?post=151326"}],"version-history":[{"count":0,"href":"https:\/\/www.europesays.com\/pt\/wp-json\/wp\/v2\/posts\/151326\/revisions"}],"wp:featuredmedia":[{"embeddable":true,"href":"https:\/\/www.europesays.com\/pt\/wp-json\/wp\/v2\/media\/151327"}],"wp:attachment":[{"href":"https:\/\/www.europesays.com\/pt\/wp-json\/wp\/v2\/media?parent=151326"}],"wp:term":[{"taxonomy":"category","embeddable":true,"href":"https:\/\/www.europesays.com\/pt\/wp-json\/wp\/v2\/categories?post=151326"},{"taxonomy":"post_tag","embeddable":true,"href":"https:\/\/www.europesays.com\/pt\/wp-json\/wp\/v2\/tags?post=151326"}],"curies":[{"name":"wp","href":"https:\/\/api.w.org\/{rel}","templated":true}]}}