{"id":15133,"date":"2025-08-04T06:10:13","date_gmt":"2025-08-04T06:10:13","guid":{"rendered":"https:\/\/www.europesays.com\/pt\/15133\/"},"modified":"2025-08-04T06:10:13","modified_gmt":"2025-08-04T06:10:13","slug":"esquece-os-secadores-o-novo-modelador-5-em-1-do-pingo-doce-esta-em-promocao","status":"publish","type":"post","link":"https:\/\/www.europesays.com\/pt\/15133\/","title":{"rendered":"Esquece os secadores, o novo modelador 5 em 1 do Pingo Doce est\u00e1 em promo\u00e7\u00e3o"},"content":{"rendered":"<p>Muitos acham que para <a href=\"https:\/\/versa.iol.pt\/aldi\/secador\/novo-secador-do-aldi-desafia-as-propostas-da-dyson-e-eis-o-porque\/20250718\/687613cad34ef72ee448541c\" rel=\"nofollow noopener\" target=\"_blank\">ter um cabelo precisam de gastar fortunas.<\/a> Pode ser mais do que suficiente ir ao Pingo Doce. Como assim? Termina na segunda-feira, 4 de agosto, a promo\u00e7\u00e3o do novo modelador e secador de cabelo da Hoffen, a marca pr\u00f3pria da cadeia de supermercados de\u00a0pequenos eletrodom\u00e9sticos e utens\u00edlios de cozinha.\u00a0<\/p>\n<p>Normalmente, custa \u20ac99,99, mas est\u00e1 com um desconto, ou seja fica por \u20ac69,99. \u00c9 um equipamento multifun\u00e7\u00f5es com\u00a0cinco cabe\u00e7as intercambi\u00e1veis para diferentes estilos: uma escova redonda para dar volume; uma escova para alisar o cabelo; e outras para fazeres ondas e carac\u00f3is.\u00a0<\/p>\n<p>Tem um motor silencioso, assim como fun\u00e7\u00e3o i\u00f3nica, um processo de neutraliza\u00e7\u00e3o que ajuda a reduzir a est\u00e1tica e impede que fiques com o cabelo frisado. Podes ainda us\u00e1-lo em tr\u00eas temperaturas e velocidades distintas.<\/p>\n<p>Podes analisar melhor a novidade na galeria de imagens, onde tamb\u00e9m encontras outras sugest\u00f5es de equipamentos <a href=\"https:\/\/versa.iol.pt\/cabelo\/caracois\/estou-chocada-o-achado-da-mercadona-que-da-nova-vida-aos-caracois\/20250712\/686e9bf5d34ef72ee44821be\" rel=\"nofollow noopener\" target=\"_blank\">e produtos que podem fazer maravilhas pelo teu cabelo<\/a>.\u00a0<\/p>\n","protected":false},"excerpt":{"rendered":"Muitos acham que para ter um cabelo precisam de gastar fortunas. Pode ser mais do que suficiente ir&hellip;\n","protected":false},"author":2,"featured_media":15134,"comment_status":"","ping_status":"","sticky":false,"template":"","format":"standard","meta":{"footnotes":""},"categories":[83],"tags":[1081,88,6041,204,89,90,754,6043,186,1079,6042,3366,32,33,1078,1080],"class_list":{"0":"post-15133","1":"post","2":"type-post","3":"status-publish","4":"format-standard","5":"has-post-thumbnail","7":"category-empresas","8":"tag-beleza","9":"tag-business","10":"tag-cabelo","11":"tag-design","12":"tag-economy","13":"tag-empresas","14":"tag-gastronomia","15":"tag-hoffen","16":"tag-lifestyle","17":"tag-moda","18":"tag-modelador","19":"tag-pingo-doce","20":"tag-portugal","21":"tag-pt","22":"tag-versa","23":"tag-viagens"},"share_on_mastodon":{"url":"","error":""},"_links":{"self":[{"href":"https:\/\/www.europesays.com\/pt\/wp-json\/wp\/v2\/posts\/15133","targetHints":{"allow":["GET"]}}],"collection":[{"href":"https:\/\/www.europesays.com\/pt\/wp-json\/wp\/v2\/posts"}],"about":[{"href":"https:\/\/www.europesays.com\/pt\/wp-json\/wp\/v2\/types\/post"}],"author":[{"embeddable":true,"href":"https:\/\/www.europesays.com\/pt\/wp-json\/wp\/v2\/users\/2"}],"replies":[{"embeddable":true,"href":"https:\/\/www.europesays.com\/pt\/wp-json\/wp\/v2\/comments?post=15133"}],"version-history":[{"count":0,"href":"https:\/\/www.europesays.com\/pt\/wp-json\/wp\/v2\/posts\/15133\/revisions"}],"wp:featuredmedia":[{"embeddable":true,"href":"https:\/\/www.europesays.com\/pt\/wp-json\/wp\/v2\/media\/15134"}],"wp:attachment":[{"href":"https:\/\/www.europesays.com\/pt\/wp-json\/wp\/v2\/media?parent=15133"}],"wp:term":[{"taxonomy":"category","embeddable":true,"href":"https:\/\/www.europesays.com\/pt\/wp-json\/wp\/v2\/categories?post=15133"},{"taxonomy":"post_tag","embeddable":true,"href":"https:\/\/www.europesays.com\/pt\/wp-json\/wp\/v2\/tags?post=15133"}],"curies":[{"name":"wp","href":"https:\/\/api.w.org\/{rel}","templated":true}]}}