{"id":151340,"date":"2025-11-14T04:05:24","date_gmt":"2025-11-14T04:05:24","guid":{"rendered":"https:\/\/www.europesays.com\/pt\/151340\/"},"modified":"2025-11-14T04:05:24","modified_gmt":"2025-11-14T04:05:24","slug":"katseye-revela-receber-ameacas-desde-o-debut-tanto-para-nos-quanto-para-nossas-familias","status":"publish","type":"post","link":"https:\/\/www.europesays.com\/pt\/151340\/","title":{"rendered":"KATSEYE revela receber amea\u00e7as desde o debut: &#8216;tanto para n\u00f3s quanto para nossas fam\u00edlias\u2019"},"content":{"rendered":"<p>As integrantes do <a href=\"https:\/\/recreio.com.br\/tags\/katseye\" target=\"_blank\" rel=\"noopener nofollow\">KATSEYE<\/a>,<strong> Manon, Sophia, Daniela, Lara, Megan<\/strong> e <strong>Yoonchae<\/strong>, revelaram em entrevista recente que, desde o debut, recebem amea\u00e7as nas redes sociais, afirmando ainda que os coment\u00e1rios criminosos s\u00e3o por vezes direcionados tamb\u00e9m as suas fam\u00edlias, trazendo alto custo a sa\u00fade mental.<\/p>\n<p>Conforme revelado por <a href=\"https:\/\/www.instagram.com\/lararajj\/\" target=\"_blank\" rel=\"noopener nofollow\"><strong>Lara<\/strong> <\/a>\u00e0 BBC, ela tem recebido mensagens que visam colocar a sua seguran\u00e7a em perigo. O conte\u00fado das mensagens n\u00e3o foi revelado, mas segundo o portal, <strong>Lara<\/strong> n\u00e3o \u00e9 a \u00fanica do grupo que \u00e9 v\u00edtima de amea\u00e7as.<\/p>\n<blockquote>\n<p>\u201cTento me convencer de que n\u00e3o importa, mas receber mil amea\u00e7as de morte \u00e9 perturbador\u201d, desabafou a artista. \u201cMesmo que n\u00e3o v\u00e1 acontecer, \u00e9 muito pesado\u201d.<\/p>\n<\/blockquote>\n<p>Al\u00e9m disso, <strong>Lara<\/strong>, que \u00e9 cidad\u00e3 americana com ascend\u00eancia indiana, tamb\u00e9m contou que \u00e9 alvo de coment\u00e1rios racistas, sendo, inclusive, denunciada de maneira injusta ao U.S. Immigration and Customs Enforcement (Servi\u00e7o de Imigra\u00e7\u00e3o e Controle de Alf\u00e2ndegas dos Estados Unidos) por \u201ctrabalhar e residir nos Estados Unidos sem autoriza\u00e7\u00e3o legal\u201d.<\/p>\n<p>A cantora ainda revelou que excluiu o X (antigo Twitter) para n\u00e3o ter que lidar com situa\u00e7\u00f5es como essa. \u201cPercebi que n\u00e3o sou audi\u00eancia para a opini\u00e3o alheia\u201d, completou <strong>Lara<\/strong>.<\/p>\n<p>Vale lembrar que o KATSEYE \u00e9 um grupo feminino global, e por isso conta com integrantes de diversas nacionalidades vindas de pa\u00edses como Su\u00ed\u00e7a, EUA e <a href=\"https:\/\/pt.wikipedia.org\/wiki\/Coreia_do_Sul\" target=\"_blank\" rel=\"noopener nofollow\">Coreia do Sul<\/a>; veja:<\/p>\n<ul>\n<li>Daniela Avanzini: venezuelana-cubana-americana de Atlanta<\/li>\n<li>Lara Raj: indiana-srilanqu\u00eas-americana de Nova York<\/li>\n<li>Manon Bannerman: gan\u00eas-italiana de Zurique<\/li>\n<li>Megan Skiendiel: chinesa-singapuriana-americana de Honolulu<\/li>\n<li>Sophia Laforteza: filipina de Manila<\/li>\n<li>Yoonchae: coreana da Coreia do Sul<\/li>\n<\/ul>\n<p>Ainda sobre comportamentos agressivos e inadequados, <strong>Sophia<\/strong> contou ao portal que mesmo com pouco tempo na ind\u00fastria, ela e as demais integrantes j\u00e1 passaram por muitas situa\u00e7\u00f5es ruins. O grupo pop debutou em junho de 2024.<\/p>\n<blockquote>\n<p>\u201cNossa carreira tem sido muito curta, mas sinto que j\u00e1 ouvimos muita coisa, n\u00f3s e nossas fam\u00edlias\u201d, disse <strong>Sophia<\/strong>.\u201dSabemos que nos inscrevemos para sermos t\u00e3o p\u00fablicos. Sabemos que faz parte da fama. Mas isso n\u00e3o muda o fato de sermos humanos.\u201d<\/p>\n<\/blockquote>\n<p>Al\u00e9m de amea\u00e7a e preconceito, as idols ainda precisam ler coment\u00e1rios sexistas. \u201cAs pessoas nos veem como mulheres para serem classificadas. Elas nos avaliam com base em nossa beleza, nossa habilidade para cantar, nossa habilidade para dan\u00e7ar, e depois somam tudo e nos d\u00e3o uma porcentagem. Isso \u00e9 t\u00e3o dist\u00f3pico\u201d, disse <strong>Lara<\/strong>.<\/p>\n<p>\u201cSinto que isso \u00e9 muito perturbador para a mente\u201d, acrescentou<strong> Manon.<\/strong><\/p>\n<p>\t Mais sobre o KATSEYE <\/p>\n<p>Grupo formado em 2024 atrav\u00e9s do reality show \u201cDream Academy\u201d, o KATSEYE estreou oficialmente em junho de 2024 com o single \u201cDebut\u201d. De l\u00e1 para c\u00e1, elas ganharam notoriedade com faixas como \u201cGnarly\u201d e \u201cGabriela\u201d, sendo, inclusive, indicadas ao <a href=\"https:\/\/www.grammy.com\/\" target=\"_blank\" rel=\"noopener nofollow\">Grammy<\/a> 2026 na categoria de Artista Revela\u00e7\u00e3o.<\/p>\n<p>        <a href=\"https:\/\/recreio.com.br\/noticias\/author\/izabela-queiroz\" rel=\"nofollow noopener\" target=\"_blank\">&#13;<br \/>\n          <img loading=\"lazy\" alt=\"Izabela Queiroz\" src=\"https:\/\/www.europesays.com\/pt\/wp-content\/uploads\/2025\/11\/1763093124_724_73c0b9c1056486c3f0ac887fc031213cdd608512c3b419d28e1ba5da81c3eb12\"  class=\"avatar avatar-115 photo rounded-circle mr-3\" height=\"115\" width=\"115\" decoding=\"async\"\/>        <\/a><\/p>\n<p>Izabela Queiroz, jornalista por paix\u00e3o e cin\u00e9fila de carteirinha. Formada pela UNINOVE, encontrou na escrita o lugar ideal para unir tudo o que mais gosta: filmes, s\u00e9ries e m\u00fasica. Nos textos, h\u00e1 quase sempre refer\u00eancias a algo relacionado \u00e0 cultura pop que a marcou. Fora deles, a encontrar\u00e1 assistindo hist\u00f3rias com reviravoltas chocantes, romances cativantes e dramas que a fazem chorar.<\/p>\n<p>\t                                            <script async src=\"\/\/www.instagram.com\/embed.js\"><\/script><\/p>\n","protected":false},"excerpt":{"rendered":"As integrantes do KATSEYE, Manon, Sophia, Daniela, Lara, Megan e Yoonchae, revelaram em entrevista recente que, desde o&hellip;\n","protected":false},"author":2,"featured_media":151341,"comment_status":"","ping_status":"","sticky":false,"template":"","format":"standard","meta":{"footnotes":""},"categories":[141],"tags":[2582,114,115,10114,8005,1140,32824,32825,149,150,214,32,33,15539,32826],"class_list":{"0":"post-151340","1":"post","2":"type-post","3":"status-publish","4":"format-standard","5":"has-post-thumbnail","7":"category-musica","8":"tag-daniela","9":"tag-entertainment","10":"tag-entretenimento","11":"tag-grupo","12":"tag-katseye","13":"tag-lara","14":"tag-manon","15":"tag-megan","16":"tag-music","17":"tag-musica","18":"tag-pop","19":"tag-portugal","20":"tag-pt","21":"tag-sophia","22":"tag-yoonchae"},"share_on_mastodon":{"url":"https:\/\/pubeurope.com\/@pt\/115546077676301550","error":""},"_links":{"self":[{"href":"https:\/\/www.europesays.com\/pt\/wp-json\/wp\/v2\/posts\/151340","targetHints":{"allow":["GET"]}}],"collection":[{"href":"https:\/\/www.europesays.com\/pt\/wp-json\/wp\/v2\/posts"}],"about":[{"href":"https:\/\/www.europesays.com\/pt\/wp-json\/wp\/v2\/types\/post"}],"author":[{"embeddable":true,"href":"https:\/\/www.europesays.com\/pt\/wp-json\/wp\/v2\/users\/2"}],"replies":[{"embeddable":true,"href":"https:\/\/www.europesays.com\/pt\/wp-json\/wp\/v2\/comments?post=151340"}],"version-history":[{"count":0,"href":"https:\/\/www.europesays.com\/pt\/wp-json\/wp\/v2\/posts\/151340\/revisions"}],"wp:featuredmedia":[{"embeddable":true,"href":"https:\/\/www.europesays.com\/pt\/wp-json\/wp\/v2\/media\/151341"}],"wp:attachment":[{"href":"https:\/\/www.europesays.com\/pt\/wp-json\/wp\/v2\/media?parent=151340"}],"wp:term":[{"taxonomy":"category","embeddable":true,"href":"https:\/\/www.europesays.com\/pt\/wp-json\/wp\/v2\/categories?post=151340"},{"taxonomy":"post_tag","embeddable":true,"href":"https:\/\/www.europesays.com\/pt\/wp-json\/wp\/v2\/tags?post=151340"}],"curies":[{"name":"wp","href":"https:\/\/api.w.org\/{rel}","templated":true}]}}