{"id":151342,"date":"2025-11-14T04:07:12","date_gmt":"2025-11-14T04:07:12","guid":{"rendered":"https:\/\/www.europesays.com\/pt\/151342\/"},"modified":"2025-11-14T04:07:12","modified_gmt":"2025-11-14T04:07:12","slug":"apaf-quer-agravar-punicoes-a-clubes-e-agentes-desportivos","status":"publish","type":"post","link":"https:\/\/www.europesays.com\/pt\/151342\/","title":{"rendered":"APAF quer agravar puni\u00e7\u00f5es a clubes e agentes desportivos"},"content":{"rendered":"<p>                Em altera\u00e7\u00f5es a introduzir em mais de uma dezena de artigos do regulamento, a associa\u00e7\u00e3o representativa dos \u00e1rbitros nacionais preconiza o refor\u00e7o da puni\u00e7\u00e3o de atitudes e comportamentos de clubes e agentes desportivos com as equipas de arbitragem.<\/p>\n<p>De acordo com a Ag\u00eancia Lusa, entre as propostas\u00a0apresentadas durante a reuni\u00e3o mantida ontem com o presidente da LPFP, Reinaldo Teixeira, a APAF defende a altera\u00e7\u00e3o do Artigo 66.\u00ba, referente a coa\u00e7\u00e3o, acrescentando a ocorr\u00eancia com familiares dos elementos de arbitragem.<\/p>\n<p>\u201cConsidera-se, designadamente, que existe tentativa quando o clube, durante o jogo, incluindo o seu intervalo, confronte ou exiba a qualquer elemento da equipa de arbitragem decis\u00f5es suas desse jogo ou de jogos anteriores sem que este o consinta\u201d, l\u00ea-se na reda\u00e7\u00e3o proposta pela APAF, que estende o \u00e2mbito deste articulado \u00e0s tentativas de coa\u00e7\u00e3o.<\/p>\n<p>A APAF prossegue com o aumento das multas, no caso de declara\u00e7\u00f5es sobre arbitragem antes dos jogos, para o triplo, defendendo a perda de pontos, em caso de reincid\u00eancia, e a penaliza\u00e7\u00e3o da \u201csuspei\u00e7\u00e3o\u201d.<\/p>\n<p>Id\u00eantica propor\u00e7\u00e3o tem a proposta de agravamento das san\u00e7\u00f5es \u00e0s agress\u00f5es a \u00e1rbitros, incluindo a perda de cinco a 10 pontos.<\/p>\n<p>A estrutura representativa dos \u00e1rbitros defende um agravamento de 100% das multas para os atos de les\u00e3o da honra e reputa\u00e7\u00e3o dos \u00f3rg\u00e3os da estrutura desportiva e dos seus membros, propondo ainda, em caso de reincid\u00eancia, um a tr\u00eas jogos de interdi\u00e7\u00e3o, e, no caso de tr\u00eas ou mais condena\u00e7\u00f5es, a perda de dois a seis pontos.<\/p>\n<p>Na sexta-feira, o presidente da Associa\u00e7\u00e3o Portuguesa de \u00c1rbitros de Futebol, Jos\u00e9 Borges, tinha manifestado a inten\u00e7\u00e3o de apresentar medidas a implementar no Regulamento Disciplinar das competi\u00e7\u00f5es profissionais, durante uma reuni\u00e3o com o presidente da Federa\u00e7\u00e3o Portuguesa de Futebol.<\/p>\n<p>Na ocasi\u00e3o, segundo informou a estrutura liderada por Pedro Proen\u00e7a, o l\u00edder federativo deu a garantia de que a FPF est\u00e1 \u201ctotalmente dispon\u00edvel, respeitando sempre a autorregula\u00e7\u00e3o legalmente prevista em mat\u00e9rias relacionadas com o futebol profissional, para propor a ratifica\u00e7\u00e3o imediata de novos regulamentos em Assembleia Geral da FPF\u201d, depois de estes serem, conforme est\u00e1 definido nos estatutos, aprovados em Assembleia Geral da Liga Portuguesa de Futebol Profissional.<\/p>\n<p>As altera\u00e7\u00f5es dos regulamentos de competi\u00e7\u00f5es, disciplinar e de arbitragem que forem aprovadas no decurso de uma \u00e9poca desportiva s\u00f3 entram em vigor na \u00e9poca seguinte, segundo o Regulamento Geral da LPFP.<\/p>\n<p>No entanto, existem exce\u00e7\u00f5es, caso as altera\u00e7\u00f5es regulamentares sejam aprovadas por unanimidade, com \u201cexpressa men\u00e7\u00e3o da data ou prazo da respetiva entrada em vigor\u201d, acrescenta o documento no ponto seguinte.<\/p>\n<p>Os \u00e1rbitros das competi\u00e7\u00f5es profissionais empreenderam no passado fim de semana uma jornada de luta, entrando sozinhos em campo, sem a bola de jogo, numa ronda marcada por v\u00e1rias decis\u00f5es pol\u00e9micas de arbitragem.<\/p>\n<p>O Conselho de Arbitragem da FPF, atualmente liderado por Luciano Gon\u00e7alves, que j\u00e1 presidiu \u00e0 APAF, e o diretor t\u00e9cnico do setor, o antigo \u00e1rbitro Duarte Gomes, protagonizaram, na quarta-feira, uma confer\u00eancia de imprensa de balan\u00e7o das 10 primeiras jornadas das competi\u00e7\u00f5es profissionais.&#13;\n<\/p>\n<p>&#13;<br \/>\n(Com Lusa)&#13;<\/p>\n","protected":false},"excerpt":{"rendered":"Em altera\u00e7\u00f5es a introduzir em mais de uma dezena de artigos do regulamento, a associa\u00e7\u00e3o representativa dos \u00e1rbitros&hellip;\n","protected":false},"author":2,"featured_media":151343,"comment_status":"","ping_status":"","sticky":false,"template":"","format":"standard","meta":{"footnotes":""},"categories":[87],"tags":[135,13,32,33,420,421,134],"class_list":{"0":"post-151342","1":"post","2":"type-post","3":"status-publish","4":"format-standard","5":"has-post-thumbnail","7":"category-desporto","8":"tag-desporto","9":"tag-noticias","10":"tag-portugal","11":"tag-pt","12":"tag-rtp","13":"tag-rtp-noticias","14":"tag-sports"},"share_on_mastodon":{"url":"https:\/\/pubeurope.com\/@pt\/115546085375776439","error":""},"_links":{"self":[{"href":"https:\/\/www.europesays.com\/pt\/wp-json\/wp\/v2\/posts\/151342","targetHints":{"allow":["GET"]}}],"collection":[{"href":"https:\/\/www.europesays.com\/pt\/wp-json\/wp\/v2\/posts"}],"about":[{"href":"https:\/\/www.europesays.com\/pt\/wp-json\/wp\/v2\/types\/post"}],"author":[{"embeddable":true,"href":"https:\/\/www.europesays.com\/pt\/wp-json\/wp\/v2\/users\/2"}],"replies":[{"embeddable":true,"href":"https:\/\/www.europesays.com\/pt\/wp-json\/wp\/v2\/comments?post=151342"}],"version-history":[{"count":0,"href":"https:\/\/www.europesays.com\/pt\/wp-json\/wp\/v2\/posts\/151342\/revisions"}],"wp:featuredmedia":[{"embeddable":true,"href":"https:\/\/www.europesays.com\/pt\/wp-json\/wp\/v2\/media\/151343"}],"wp:attachment":[{"href":"https:\/\/www.europesays.com\/pt\/wp-json\/wp\/v2\/media?parent=151342"}],"wp:term":[{"taxonomy":"category","embeddable":true,"href":"https:\/\/www.europesays.com\/pt\/wp-json\/wp\/v2\/categories?post=151342"},{"taxonomy":"post_tag","embeddable":true,"href":"https:\/\/www.europesays.com\/pt\/wp-json\/wp\/v2\/tags?post=151342"}],"curies":[{"name":"wp","href":"https:\/\/api.w.org\/{rel}","templated":true}]}}