{"id":151346,"date":"2025-11-14T04:15:33","date_gmt":"2025-11-14T04:15:33","guid":{"rendered":"https:\/\/www.europesays.com\/pt\/151346\/"},"modified":"2025-11-14T04:15:33","modified_gmt":"2025-11-14T04:15:33","slug":"harry-e-meghan-pedem-para-kris-jenner-apagar-fotos-de-festa-veja","status":"publish","type":"post","link":"https:\/\/www.europesays.com\/pt\/151346\/","title":{"rendered":"Harry e Meghan pedem para Kris Jenner apagar fotos de festa; veja"},"content":{"rendered":"<p><strong>Pr\u00edncipe Harry<\/strong> e <strong>Meghan Markle<\/strong> teriam pedido para <strong>Kim Kardashian<\/strong> e <strong>Kris Jenner<\/strong> removerem das redes sociais as fotos em que o casal aparece na festa de 70 anos da matriarca da fam\u00edlia <strong>Kardashian-Jenner<\/strong>. O evento aconteceu no \u00faltimo s\u00e1bado (8), mas as socialites s\u00f3 compartilharem registros na segunda-feira (10).<\/p>\n<p>Ao protal Page Six, uma revelou o motivo por tr\u00e1s da atitude do casal: &#8220;Eles n\u00e3o querem irritar a fam\u00edlia real enquanto tentam se reconciliar&#8221;. No m\u00eas passado, um insider contou \u00e0 publica\u00e7\u00e3o que\u00a0<strong>Harry\u00a0<\/strong>recebeu apoio de\u00a0<strong>Meghan\u00a0<\/strong>para se reconciliar com seus familiares, especialmente com o pai, o <strong>rei<\/strong> <strong>Charles III<\/strong>.<\/p>\n<p>Fontes ligadas \u00e0 realeza relataram ao site norte-americano que a presen\u00e7a do pr\u00edncipe e de sua esposa na festa de <strong>Kris Jenner<\/strong> surpreendeu o pal\u00e1cio.<\/p>\n<p>&#8220;\u00c9 t\u00e3o cafona. Isso mostra o quanto Harry est\u00e1 distante do restante da fam\u00edlia. Essas pessoas podem ser estrelas nos Estados Unidos, mas essa ostenta\u00e7\u00e3o \u00e9 totalmente oposta ao que o pr\u00edncipe William tenta construir em sua vida e na monarquia&#8221;, disse um funcion\u00e1rio ao Page Six.<\/p>\n<p>De fato, <strong>Kris Jenner<\/strong> publicou em seu perfil do Instagram um carrossel de imagens da festa luxuosa, incluindo registros ao lado do <strong>pr\u00edncipe Harry\u00a0<\/strong>e de\u00a0<strong>Meghan Markle<\/strong>, e apagou em seguida.<\/p>\n<p>Veja as fotos que foram apagadas:<\/p>\n<blockquote class=\"twitter-tweet\"><p>&#13;<\/p>\n<p dir=\"ltr\" lang=\"en\">Harry and Meghan at Kris Jenner 70th birthday party <a href=\"https:\/\/t.co\/kImIX3TAuR\" rel=\"nofollow\">pic.twitter.com\/kImIX3TAuR<\/a><\/p>\n<p>&#13;<br \/>\n\u2014 Kay Ross-Levy \ud83c\udf3a (@KayRoss96) <a href=\"https:\/\/twitter.com\/KayRoss96\/status\/1988041715224375350?ref_src=twsrc%5Etfw\" rel=\"nofollow noopener\" target=\"_blank\">November 11, 2025<\/a><\/p><\/blockquote>\n<p>            <script async src=\"https:\/\/platform.twitter.com\/widgets.js\" charset=\"utf-8\"><\/script><\/p>\n","protected":false},"excerpt":{"rendered":"Pr\u00edncipe Harry e Meghan Markle teriam pedido para Kim Kardashian e Kris Jenner removerem das redes sociais as&hellip;\n","protected":false},"author":2,"featured_media":151347,"comment_status":"","ping_status":"","sticky":false,"template":"","format":"standard","meta":{"footnotes":""},"categories":[145],"tags":[211,210,114,115,711,710,32,12376,33],"class_list":{"0":"post-151346","1":"post","2":"type-post","3":"status-publish","4":"format-standard","5":"has-post-thumbnail","7":"category-celebridades","8":"tag-celebridades","9":"tag-celebrities","10":"tag-entertainment","11":"tag-entretenimento","12":"tag-harry","13":"tag-meghan-markle","14":"tag-portugal","15":"tag-principe-harry","16":"tag-pt"},"share_on_mastodon":{"url":"https:\/\/pubeurope.com\/@pt\/115546116795998621","error":""},"_links":{"self":[{"href":"https:\/\/www.europesays.com\/pt\/wp-json\/wp\/v2\/posts\/151346","targetHints":{"allow":["GET"]}}],"collection":[{"href":"https:\/\/www.europesays.com\/pt\/wp-json\/wp\/v2\/posts"}],"about":[{"href":"https:\/\/www.europesays.com\/pt\/wp-json\/wp\/v2\/types\/post"}],"author":[{"embeddable":true,"href":"https:\/\/www.europesays.com\/pt\/wp-json\/wp\/v2\/users\/2"}],"replies":[{"embeddable":true,"href":"https:\/\/www.europesays.com\/pt\/wp-json\/wp\/v2\/comments?post=151346"}],"version-history":[{"count":0,"href":"https:\/\/www.europesays.com\/pt\/wp-json\/wp\/v2\/posts\/151346\/revisions"}],"wp:featuredmedia":[{"embeddable":true,"href":"https:\/\/www.europesays.com\/pt\/wp-json\/wp\/v2\/media\/151347"}],"wp:attachment":[{"href":"https:\/\/www.europesays.com\/pt\/wp-json\/wp\/v2\/media?parent=151346"}],"wp:term":[{"taxonomy":"category","embeddable":true,"href":"https:\/\/www.europesays.com\/pt\/wp-json\/wp\/v2\/categories?post=151346"},{"taxonomy":"post_tag","embeddable":true,"href":"https:\/\/www.europesays.com\/pt\/wp-json\/wp\/v2\/tags?post=151346"}],"curies":[{"name":"wp","href":"https:\/\/api.w.org\/{rel}","templated":true}]}}