{"id":15135,"date":"2025-08-04T06:13:24","date_gmt":"2025-08-04T06:13:24","guid":{"rendered":"https:\/\/www.europesays.com\/pt\/15135\/"},"modified":"2025-08-04T06:13:24","modified_gmt":"2025-08-04T06:13:24","slug":"ruben-amorim-confirma-lista-de-capitaes-do-manchester-united","status":"publish","type":"post","link":"https:\/\/www.europesays.com\/pt\/15135\/","title":{"rendered":"Ruben Amorim confirma lista de capit\u00e3es do Manchester United"},"content":{"rendered":"<p><strong>Ruben Amorim falou \u00e0 comunica\u00e7\u00e3o social inglesa. T\u00e9cnico portugu\u00eas confirma lista de capit\u00e3es no Manchester United.<\/strong><\/p>\n<p>Ruben Amorim confirma a lista de capit\u00e3es do Manchester United para a pr\u00f3xima temporada e h\u00e1 dois portugueses. Bruno Fernandes e Diogo Dalot integram o lote dos 6 capit\u00e3es dos Red Devils, juntamente com Harry Maguire, Lisandro Mart\u00ednez, Tom Heaton e Noussair Mazraoui.<\/p>\n<p>Bruno Fernandes continua a ser o capit\u00e3o do Manchester United. O internacional portugu\u00eas tenciona ficar no clube pelo menos mais uma temporada, depois de ter sido associado ao Al Nassr de Jorge Jesus, Cristiano Ronaldo e Jo\u00e3o F\u00e9lix nos \u00faltimos dias.<\/p>\n<p>O Manchester United est\u00e1 a realizar um est\u00e1gio de pr\u00e9-temporada nos Estados Unidos, onde participa na competi\u00e7\u00e3o particular Premier League Summer Series. Os Red Devils j\u00e1 ganharam ao<a href=\"https:\/\/bolanarede.pt\/especial-bola-na-rede\/atualidade\/manchester-united-de-ruben-amorim-vence-west-ham-gracas-a-bruno-fernandes-no-premier-league-summer-series\/\" target=\"_blank\" rel=\"noreferrer noopener nofollow\"> West Ham<\/a> (2-1) e ao <a href=\"https:\/\/bolanarede.pt\/especial-bola-na-rede\/atualidade\/manchester-united-de-ruben-amorim-da-espetaculo-e-goleia-bournemouth-na-premier-league-summer-series\/\" target=\"_blank\" rel=\"noreferrer noopener nofollow\">Bournemouth <\/a>(4-1). Esta noite, enfrentam o Everton a partir das 22h00.<\/p>\n<blockquote class=\"twitter-tweet\" data-width=\"550\" data-dnt=\"true\">\n<p lang=\"en\" dir=\"ltr\">R\u00faben Amorim has confirmed <a href=\"https:\/\/twitter.com\/hashtag\/mufc?src=hash&amp;ref_src=twsrc%5Etfw\" rel=\"nofollow noopener\" target=\"_blank\">#mufc<\/a> now have a six-person leadership team in the squad:<\/p>\n<p>\ud83c\uddf5\ud83c\uddf9 Bruno Fernandes<br \/>\ud83c\udff4\udb40\udc67\udb40\udc62\udb40\udc65\udb40\udc6e\udb40\udc67\udb40\udc7f Harry Maguire<br \/>\ud83c\udde6\ud83c\uddf7 Lisandro Martinez<br \/>\ud83c\uddf5\ud83c\uddf9 Diogo Dalot<br \/>\ud83c\udff4\udb40\udc67\udb40\udc62\udb40\udc65\udb40\udc6e\udb40\udc67\udb40\udc7f Tom Heaton<br \/>\ud83c\uddf2\ud83c\udde6 Noussair Mazraoui <a href=\"https:\/\/t.co\/n6yRHwuCUe\" rel=\"nofollow\">pic.twitter.com\/n6yRHwuCUe<\/a><\/p>\n<p>\u2014 UtdDistrict (@UtdDistrict) <a href=\"https:\/\/twitter.com\/UtdDistrict\/status\/1951963391519572202?ref_src=twsrc%5Etfw\" rel=\"nofollow noopener\" target=\"_blank\">August 3, 2025<\/a><\/p><\/blockquote>\n<p><script async src=\"https:\/\/platform.twitter.com\/widgets.js\" charset=\"utf-8\"><\/script><\/p>\n","protected":false},"excerpt":{"rendered":"Ruben Amorim falou \u00e0 comunica\u00e7\u00e3o social inglesa. T\u00e9cnico portugu\u00eas confirma lista de capit\u00e3es no Manchester United. Ruben Amorim&hellip;\n","protected":false},"author":2,"featured_media":15136,"comment_status":"","ping_status":"","sticky":false,"template":"","format":"standard","meta":{"footnotes":""},"categories":[8],"tags":[260,27,28,5532,478,6044,15,16,14,25,26,21,22,12,13,19,20,32,23,24,33,1052,17,18,29,30,31],"class_list":{"0":"post-15135","1":"post","2":"type-post","3":"status-publish","4":"format-standard","5":"has-post-thumbnail","7":"category-principais-noticias","8":"tag-atualidade","9":"tag-breaking-news","10":"tag-breakingnews","11":"tag-bruno-fernandes","12":"tag-destaques-bnr","13":"tag-diogo-dalot","14":"tag-featured-news","15":"tag-featurednews","16":"tag-headlines","17":"tag-latest-news","18":"tag-latestnews","19":"tag-main-news","20":"tag-mainnews","21":"tag-news","22":"tag-noticias","23":"tag-noticias-principais","24":"tag-noticiasprincipais","25":"tag-portugal","26":"tag-principais-noticias","27":"tag-principaisnoticias","28":"tag-pt","29":"tag-ruben-amorim","30":"tag-top-stories","31":"tag-topstories","32":"tag-ultimas","33":"tag-ultimas-noticias","34":"tag-ultimasnoticias"},"share_on_mastodon":{"url":"","error":""},"_links":{"self":[{"href":"https:\/\/www.europesays.com\/pt\/wp-json\/wp\/v2\/posts\/15135","targetHints":{"allow":["GET"]}}],"collection":[{"href":"https:\/\/www.europesays.com\/pt\/wp-json\/wp\/v2\/posts"}],"about":[{"href":"https:\/\/www.europesays.com\/pt\/wp-json\/wp\/v2\/types\/post"}],"author":[{"embeddable":true,"href":"https:\/\/www.europesays.com\/pt\/wp-json\/wp\/v2\/users\/2"}],"replies":[{"embeddable":true,"href":"https:\/\/www.europesays.com\/pt\/wp-json\/wp\/v2\/comments?post=15135"}],"version-history":[{"count":0,"href":"https:\/\/www.europesays.com\/pt\/wp-json\/wp\/v2\/posts\/15135\/revisions"}],"wp:featuredmedia":[{"embeddable":true,"href":"https:\/\/www.europesays.com\/pt\/wp-json\/wp\/v2\/media\/15136"}],"wp:attachment":[{"href":"https:\/\/www.europesays.com\/pt\/wp-json\/wp\/v2\/media?parent=15135"}],"wp:term":[{"taxonomy":"category","embeddable":true,"href":"https:\/\/www.europesays.com\/pt\/wp-json\/wp\/v2\/categories?post=15135"},{"taxonomy":"post_tag","embeddable":true,"href":"https:\/\/www.europesays.com\/pt\/wp-json\/wp\/v2\/tags?post=15135"}],"curies":[{"name":"wp","href":"https:\/\/api.w.org\/{rel}","templated":true}]}}