{"id":151353,"date":"2025-11-14T04:23:08","date_gmt":"2025-11-14T04:23:08","guid":{"rendered":"https:\/\/www.europesays.com\/pt\/151353\/"},"modified":"2025-11-14T04:23:08","modified_gmt":"2025-11-14T04:23:08","slug":"sarampo-brasil-soma-37-casos-neste-ano-e-reforca-vacinacao-em-meio-a-alta-no-continente-e-a-cop-30","status":"publish","type":"post","link":"https:\/\/www.europesays.com\/pt\/151353\/","title":{"rendered":"Sarampo: Brasil soma 37 casos neste ano e refor\u00e7a vacina\u00e7\u00e3o em meio \u00e0 alta no continente e \u00e0 COP-30"},"content":{"rendered":"<p data-component-name=\"paragraph\" class=\"styles__ParagraphStyled-sc-6adecn-0 gsLklW  \">Apesar de continuar livre da circula\u00e7\u00e3o end\u00eamica do v\u00edrus do sarampo, segundo a Organiza\u00e7\u00e3o Pan-Americana da Sa\u00fade (<a href=\"https:\/\/www.estadao.com.br\/tudo-sobre\/opas\/\" target=\"_blank\" rel=\"nofollow noopener\" title=\"https:\/\/www.estadao.com.br\/tudo-sobre\/opas\/\"><strong>Opas<\/strong><\/a>), o Brasil registrou 37 casos da doen\u00e7a em 2025. Na \u00faltima segunda-feira, 10, <a href=\"https:\/\/www.estadao.com.br\/saude\/continente-americano-perde-certificacao-de-regiao-livre-do-sarampo-nprm\/\" target=\"_blank\" rel=\"nofollow noopener\" title=\"https:\/\/www.estadao.com.br\/saude\/continente-americano-perde-certificacao-de-regiao-livre-do-sarampo-nprm\/\"><strong>as Am\u00e9ricas perderam a certifica\u00e7\u00e3o de regi\u00e3o livre da enfermidade<\/strong><\/a>.<\/p>\n<p><img  loading=\"lazy\" class=\"lazy-load-img\"\/><\/p>\n<p>Sarampo pode levar \u00e0 morte; vacina\u00e7\u00e3o \u00e9 a melhor forma de preven\u00e7\u00e3o\u00a0Foto:  Natalia Maisheva\/Adobe Stock<\/p>\n<p>De acordo com o <a href=\"https:\/\/www.estadao.com.br\/tudo-sobre\/ministerio-da-saude\/\" target=\"_blank\" rel=\"nofollow noopener\" title=\"https:\/\/www.estadao.com.br\/tudo-sobre\/ministerio-da-saude\/\"><strong>Minist\u00e9rio da Sa\u00fade<\/strong><\/a>, os casos foram confirmados em Tocantins (25), Mato Grosso (6), Rio de Janeiro (2), Distrito Federal (1), Maranh\u00e3o (1), Rio Grande do Sul (1) e S\u00e3o Paulo (1), e todos foram caracterizados como importados ou relacionados \u00e0 importa\u00e7\u00e3o, sem comprometer a certifica\u00e7\u00e3o nacional.<\/p>\n<p>Os primeiros reportes ocorreram em mar\u00e7o, quando <a href=\"https:\/\/www.estadao.com.br\/saude\/duas-criancas-sao-diagnosticadas-com-sarampo-no-rio-de-janeiro-nprm\/\" target=\"_blank\" rel=\"nofollow noopener\" title=\"https:\/\/www.estadao.com.br\/saude\/duas-criancas-sao-diagnosticadas-com-sarampo-no-rio-de-janeiro-nprm\/\"><strong>duas crian\u00e7as de uma mesma fam\u00edlia foram diagnosticadas em S\u00e3o Jo\u00e3o de Meriti (RJ)<\/strong><\/a>. As autoridades conseguiram interromper a circula\u00e7\u00e3o do v\u00edrus rastreando contatos e refor\u00e7ando a vacina\u00e7\u00e3o. \u201cO mesmo ocorreu no Rio Grande do Sul, em S\u00e3o Paulo e no Distrito Federal\u201d, diz o minist\u00e9rio.<\/p>\n<p data-component-name=\"paragraph\" class=\"styles__ParagraphStyled-sc-6adecn-0 gsLklW  \">Poucos meses depois, em julho, quatro brasileiros residentes em Campos Lindos (TO) retornaram da Bol\u00edvia infectados por <a href=\"https:\/\/www.estadao.com.br\/tudo-sobre\/sarampo\/\" target=\"_blank\" rel=\"nofollow noopener\" title=\"https:\/\/www.estadao.com.br\/tudo-sobre\/sarampo\/\"><strong>sarampo<\/strong><\/a>, o que ocasionou a infec\u00e7\u00e3o de outras 25 pessoas, sendo 22 pertencentes a uma comunidade com baixa ades\u00e3o \u00e0 vacina\u00e7\u00e3o. O caso confirmado em Carolina (MA) teve contato com membros dessa comunidade.<\/p>\n<p data-component-name=\"paragraph\" class=\"styles__ParagraphStyled-sc-6adecn-0 gsLklW  \">J\u00e1 em Primavera do Leste (MT) foram confirmados seis casos, sendo que quatro desses pacientes estiveram na Bol\u00edvia e retornaram doentes, informa a pasta. Outros dois casos secund\u00e1rios foram confirmados, caracterizados como relacionados \u00e0 importa\u00e7\u00e3o. <\/p>\n<p>Fronteiras e COP-30<\/p>\n<p data-component-name=\"paragraph\" class=\"styles__ParagraphStyled-sc-6adecn-0 gsLklW  \">O minist\u00e9rio afirma ter intensificado a <a href=\"https:\/\/www.estadao.com.br\/tudo-sobre\/vacinacao\/\" target=\"_blank\" rel=\"nofollow noopener\" title=\"https:\/\/www.estadao.com.br\/tudo-sobre\/vacinacao\/\"><strong>vacina\u00e7\u00e3o<\/strong><\/a> contra o sarampo <a href=\"https:\/\/www.estadao.com.br\/saude\/brasil-faz-dia-d-contra-o-sarampo-em-areas-de-fronteira-com-a-bolivia-nprm\/\" target=\"_blank\" rel=\"nofollow noopener\" title=\"https:\/\/www.estadao.com.br\/saude\/brasil-faz-dia-d-contra-o-sarampo-em-areas-de-fronteira-com-a-bolivia-nprm\/\"><strong>nos estados que fazem fronteira com a Bol\u00edvia, o Uruguai e a Argentina<\/strong><\/a>, al\u00e9m de ter doado mais de 640 mil doses da vacina ao governo boliviano.<\/p>\n<p data-component-name=\"paragraph\" class=\"styles__ParagraphStyled-sc-6adecn-0 gsLklW  \">Desde janeiro, foram notificados 12.596 casos confirmados da doen\u00e7a em dez pa\u00edses do continente americano, 95% deles concentrados no Canad\u00e1, M\u00e9xico e Estados Unidos. Foram registrados 28 \u00f3bitos: 23 no M\u00e9xico, tr\u00eas nos Estados Unidos e dois no Canad\u00e1.<\/p>\n<p data-component-name=\"paragraph\" class=\"styles__ParagraphStyled-sc-6adecn-0 gsLklW  \">No Canad\u00e1, a Comiss\u00e3o Regional de Monitoramento e Reverifica\u00e7\u00e3o da Elimina\u00e7\u00e3o do Sarampo, da Rub\u00e9ola e da S\u00edndrome da Rub\u00e9ola Cong\u00eanita das Am\u00e9ricas avaliou que a transmiss\u00e3o end\u00eamica do v\u00edrus foi restabelecida, o que levou o continente a <a href=\"https:\/\/www.estadao.com.br\/saude\/continente-americano-perde-certificacao-de-regiao-livre-do-sarampo-nprm\/\" target=\"_blank\" rel=\"nofollow noopener\" title=\"https:\/\/www.estadao.com.br\/saude\/continente-americano-perde-certificacao-de-regiao-livre-do-sarampo-nprm\/\"><strong>perder o status de regi\u00e3o livre da doen\u00e7a<\/strong><\/a>. <\/p>\n<p data-component-name=\"paragraph\" class=\"styles__ParagraphStyled-sc-6adecn-0 gsLklW  \">\u201cEstamos empenhados em evitar a reintrodu\u00e7\u00e3o do v\u00edrus no Pa\u00eds. Al\u00e9m das a\u00e7\u00f5es de vigil\u00e2ncia, o Minist\u00e9rio da Sa\u00fade tem garantido o abastecimento de imunizantes em todos os estados\u201d, afirmou o ministro da Sa\u00fade, <a href=\"https:\/\/www.estadao.com.br\/tudo-sobre\/alexandre-padilha\/\" target=\"_blank\" rel=\"nofollow noopener\" title=\"https:\/\/www.estadao.com.br\/tudo-sobre\/alexandre-padilha\/\"><strong>Alexandre Padilha<\/strong><\/a>, em nota.<\/p>\n<p data-component-name=\"paragraph\" class=\"styles__ParagraphStyled-sc-6adecn-0 gsLklW  \">Em decorr\u00eancia da C\u00fapula do Clima das Na\u00e7\u00f5es Unidas (<a href=\"https:\/\/www.estadao.com.br\/tudo-sobre\/cop-30-conferencia-das-nacoes-unidas-sobre-mudanca-climatica\/\" target=\"_blank\" rel=\"nofollow noopener\" title=\"https:\/\/www.estadao.com.br\/tudo-sobre\/cop-30-conferencia-das-nacoes-unidas-sobre-mudanca-climatica\/\"><strong>COP-30<\/strong><\/a>) e do alto fluxo de pessoas de diversos pa\u00edses no Estado do Par\u00e1, o minist\u00e9rio afirma ainda que o Programa Nacional de Imuniza\u00e7\u00f5es (PNI) vem intensificando a vacina\u00e7\u00e3o contra a doen\u00e7a na regi\u00e3o desde o in\u00edcio do ano. At\u00e9 o momento, segundo a pasta, cerca de 351 mil doses foram aplicadas na popula\u00e7\u00e3o local.<\/p>\n<p>Vacina\u00e7\u00e3o<\/p>\n<p data-component-name=\"paragraph\" class=\"styles__ParagraphStyled-sc-6adecn-0 gsLklW  \">Em 2024, o Brasil alcan\u00e7ou 95,80% de cobertura para a primeira dose da tr\u00edplice viral e 80,43% para a segunda. Os dados de 2025, por\u00e9m, apontam redu\u00e7\u00e3o na cobertura: 91,51% na 1\u00aa dose e 75,53% na 2\u00aa.<\/p>\n<p data-component-name=\"paragraph\" class=\"styles__ParagraphStyled-sc-6adecn-0 gsLklW  \">A vacina contra o sarampo est\u00e1 dispon\u00edvel nas Unidades B\u00e1sicas de Sa\u00fade (UBSs) para pacientes de 12 a 59 anos e \u00e9 a principal forma de preven\u00e7\u00e3o contra a doen\u00e7a, que pode provocar pneumonia, encefalite, cegueira e morte.<\/p>\n","protected":false},"excerpt":{"rendered":"Apesar de continuar livre da circula\u00e7\u00e3o end\u00eamica do v\u00edrus do sarampo, segundo a Organiza\u00e7\u00e3o Pan-Americana da Sa\u00fade (Opas),&hellip;\n","protected":false},"author":2,"featured_media":151354,"comment_status":"","ping_status":"","sticky":false,"template":"","format":"standard","meta":{"footnotes":""},"categories":[86],"tags":[12085,24137,9943,5484,11389,5486,7359,7669,6698,7482,11393,5492,1785,1786,24143,11395,116,7364,1789,1101,11399,14770,7491,13186,11403,186,1107,11405,1794,16678,4200,1112,1113,32827,32,33,11409,11410,1801,117,11411,7683,5512,32828,5513,1808,11418,1893,200,5514],"class_list":{"0":"post-151353","1":"post","2":"type-post","3":"status-publish","4":"format-standard","5":"has-post-thumbnail","7":"category-saude","8":"tag-adult","9":"tag-allergic","10":"tag-baby","11":"tag-body","12":"tag-boy","13":"tag-care","14":"tag-caucasian","15":"tag-child","16":"tag-children","17":"tag-concept","18":"tag-contagious","19":"tag-dermatology","20":"tag-disease","21":"tag-doctor","22":"tag-eczema","23":"tag-epidemic","24":"tag-health","25":"tag-healthcare","26":"tag-hospital","27":"tag-human","28":"tag-ill","29":"tag-immunization","30":"tag-infection","31":"tag-injection","32":"tag-itchy","33":"tag-lifestyle","34":"tag-male","35":"tag-measles","36":"tag-medical","37":"tag-model","38":"tag-pain","39":"tag-people","40":"tag-person","41":"tag-pimple","42":"tag-portugal","43":"tag-pt","44":"tag-rash","45":"tag-reaction","46":"tag-red","47":"tag-saude","48":"tag-scratch","49":"tag-sick","50":"tag-skin","51":"tag-smallpox","52":"tag-spot","53":"tag-treatment","54":"tag-vaccine","55":"tag-virus","56":"tag-woman","57":"tag-young"},"share_on_mastodon":{"url":"","error":"Validation failed: Text character limit of 500 exceeded"},"_links":{"self":[{"href":"https:\/\/www.europesays.com\/pt\/wp-json\/wp\/v2\/posts\/151353","targetHints":{"allow":["GET"]}}],"collection":[{"href":"https:\/\/www.europesays.com\/pt\/wp-json\/wp\/v2\/posts"}],"about":[{"href":"https:\/\/www.europesays.com\/pt\/wp-json\/wp\/v2\/types\/post"}],"author":[{"embeddable":true,"href":"https:\/\/www.europesays.com\/pt\/wp-json\/wp\/v2\/users\/2"}],"replies":[{"embeddable":true,"href":"https:\/\/www.europesays.com\/pt\/wp-json\/wp\/v2\/comments?post=151353"}],"version-history":[{"count":0,"href":"https:\/\/www.europesays.com\/pt\/wp-json\/wp\/v2\/posts\/151353\/revisions"}],"wp:featuredmedia":[{"embeddable":true,"href":"https:\/\/www.europesays.com\/pt\/wp-json\/wp\/v2\/media\/151354"}],"wp:attachment":[{"href":"https:\/\/www.europesays.com\/pt\/wp-json\/wp\/v2\/media?parent=151353"}],"wp:term":[{"taxonomy":"category","embeddable":true,"href":"https:\/\/www.europesays.com\/pt\/wp-json\/wp\/v2\/categories?post=151353"},{"taxonomy":"post_tag","embeddable":true,"href":"https:\/\/www.europesays.com\/pt\/wp-json\/wp\/v2\/tags?post=151353"}],"curies":[{"name":"wp","href":"https:\/\/api.w.org\/{rel}","templated":true}]}}