{"id":151355,"date":"2025-11-14T04:31:13","date_gmt":"2025-11-14T04:31:13","guid":{"rendered":"https:\/\/www.europesays.com\/pt\/151355\/"},"modified":"2025-11-14T04:31:13","modified_gmt":"2025-11-14T04:31:13","slug":"david-coverdale-do-whitesnake-anuncia-aposentadoria-13-11-2025-ilustrada","status":"publish","type":"post","link":"https:\/\/www.europesays.com\/pt\/151355\/","title":{"rendered":"David Coverdale, do Whitesnake, anuncia aposentadoria &#8211; 13\/11\/2025 &#8211; Ilustrada"},"content":{"rendered":"<p><a href=\"https:\/\/www1.folha.uol.com.br\/ilustrada\/2019\/09\/sem-velhofobia-vocalista-do-whitesnake-quer-continuar-cantando-sobre-sexo.shtml\" rel=\"nofollow noopener\" target=\"\">David Coverdale<\/a>, 74, vocalista da banda de rock <a href=\"https:\/\/www1.folha.uol.com.br\/ilustrada\/2019\/09\/sem-velhofobia-vocalista-do-whitesnake-quer-continuar-cantando-sobre-sexo.shtml\" rel=\"nofollow noopener\" target=\"\">Whitesnake <\/a>e ex-vocalista do grupo <a href=\"https:\/\/www1.folha.uol.com.br\/ilustrada\/2025\/06\/pode-estar-uma-porcaria-mas-nao-e-playback-diz-deep-purple-sobre-shows-ao-vivo.shtml\" rel=\"nofollow noopener\" target=\"\">Deep Purple<\/a>, anunciou nesta quinta (13) que ir\u00e1 se aposentar da m\u00fasica. Ele ganhou destaque internacional ao substituir o cantor <a href=\"https:\/\/www1.folha.uol.com.br\/ilustrada\/2014\/11\/1545907-magica-do-deep-purple-e-questao-de-quimica-humana-diz-ian-gillan.shtml?mobile\" rel=\"nofollow noopener\" target=\"\">Ian Gillan<\/a> no Deep Purple em 1973. Gillian retornaria ao grupo 11 anos mais tarde. Coverdale agradeceu aos f\u00e3s e brincou com a decis\u00e3o num v\u00eddeo divulgado no <a href=\"https:\/\/www.youtube.com\/user\/WhitesnakeTV\" rel=\"nofollow noopener\" target=\"_blank\">YouTube <\/a>de sua banda.<\/p>\n<p>&#8220;Ap\u00f3s mais de 50 anos de uma jornada incr\u00edvel, est\u00e1 claro para mim que chegou o momento de pendurar meus sapatos de <a href=\"https:\/\/www1.folha.uol.com.br\/tv\/2023\/10\/o-rocknroll-esta-morto.shtml\" rel=\"nofollow noopener\" target=\"_blank\">rock \u2019n\u2019 roll<\/a> e minhas cal\u00e7as apertadas. Amo voc\u00eas profundamente. Agrade\u00e7o a todos que me ajudaram e me apoiaram nessa jornada. \u00c9 hora de aproveitar a aposentadoria. Adeus&#8221;, afirmou o artista na publica\u00e7\u00e3o, que se encerra ao som de &#8220;Fare Thee Well&#8221;, da Whitesnake.<\/p>\n<p>Sob o t\u00edtulo &#8220;Whitesnake &#8211; Fare Thee Well&#8221;, o v\u00eddeo tem gerado especula\u00e7\u00f5es de que esse possa ser o fim definitivo da banda como um todo.<\/p>\n<p>Coverdale fundou a Whitesnake, um dos grandes nomes da cena musical dos anos 1980, em 1978. Na d\u00e9cada de 1990, Coverdale deixou a banda que criou para se juntar ao m\u00fasico <a href=\"https:\/\/www1.folha.uol.com.br\/ilustrada\/2024\/01\/como-jimmy-page-que-faz-80-virou-um-idolo-do-rock-antes-do-led-zeppelin.shtml\" rel=\"nofollow noopener\" target=\"\">Jimmy Page<\/a>, guitarrista do <a href=\"https:\/\/www1.folha.uol.com.br\/ilustrada\/2025\/05\/jimmy-page-ex-led-zeppelin-e-processado-por-autor-de-dazed-and-confused.shtml\" rel=\"nofollow noopener\" target=\"\">Led Zeppelin<\/a>, noutro projeto, mas retornou \u00e0 Whitesnake em 2003.<\/p>\n<p>O grupo musical lan\u00e7ou o seu \u00e1lbum mais recente, &#8220;Flesh and Blood&#8217;, em 2019, e n\u00e3o se apresenta desde 2022. Naquele ano, uma turn\u00ea de despedida da banda estava em andamento, mas diversos shows foram cancelados e ela acabou n\u00e3o sendo conclu\u00edda. \u00c0 \u00e9poca, Coverdale foi v\u00edtima de uma infec\u00e7\u00e3o respirat\u00f3ria.<\/p>\n","protected":false},"excerpt":{"rendered":"David Coverdale, 74, vocalista da banda de rock Whitesnake e ex-vocalista do grupo Deep Purple, anunciou nesta quinta&hellip;\n","protected":false},"author":2,"featured_media":151356,"comment_status":"","ping_status":"","sticky":false,"template":"","format":"standard","meta":{"footnotes":""},"categories":[145],"tags":[207,528,211,210,32805,4725,114,115,236,150,6486,32,33,1645,32806],"class_list":{"0":"post-151355","1":"post","2":"type-post","3":"status-publish","4":"format-standard","5":"has-post-thumbnail","7":"category-celebridades","8":"tag-arte","9":"tag-artista","10":"tag-celebridades","11":"tag-celebrities","12":"tag-david-coverdale","13":"tag-deep-purple","14":"tag-entertainment","15":"tag-entretenimento","16":"tag-folha","17":"tag-musica","18":"tag-musico","19":"tag-portugal","20":"tag-pt","21":"tag-rock","22":"tag-whitesnake"},"share_on_mastodon":{"url":"https:\/\/pubeurope.com\/@pt\/115546179735300202","error":""},"_links":{"self":[{"href":"https:\/\/www.europesays.com\/pt\/wp-json\/wp\/v2\/posts\/151355","targetHints":{"allow":["GET"]}}],"collection":[{"href":"https:\/\/www.europesays.com\/pt\/wp-json\/wp\/v2\/posts"}],"about":[{"href":"https:\/\/www.europesays.com\/pt\/wp-json\/wp\/v2\/types\/post"}],"author":[{"embeddable":true,"href":"https:\/\/www.europesays.com\/pt\/wp-json\/wp\/v2\/users\/2"}],"replies":[{"embeddable":true,"href":"https:\/\/www.europesays.com\/pt\/wp-json\/wp\/v2\/comments?post=151355"}],"version-history":[{"count":0,"href":"https:\/\/www.europesays.com\/pt\/wp-json\/wp\/v2\/posts\/151355\/revisions"}],"wp:featuredmedia":[{"embeddable":true,"href":"https:\/\/www.europesays.com\/pt\/wp-json\/wp\/v2\/media\/151356"}],"wp:attachment":[{"href":"https:\/\/www.europesays.com\/pt\/wp-json\/wp\/v2\/media?parent=151355"}],"wp:term":[{"taxonomy":"category","embeddable":true,"href":"https:\/\/www.europesays.com\/pt\/wp-json\/wp\/v2\/categories?post=151355"},{"taxonomy":"post_tag","embeddable":true,"href":"https:\/\/www.europesays.com\/pt\/wp-json\/wp\/v2\/tags?post=151355"}],"curies":[{"name":"wp","href":"https:\/\/api.w.org\/{rel}","templated":true}]}}