{"id":151385,"date":"2025-11-14T05:19:17","date_gmt":"2025-11-14T05:19:17","guid":{"rendered":"https:\/\/www.europesays.com\/pt\/151385\/"},"modified":"2025-11-14T05:19:17","modified_gmt":"2025-11-14T05:19:17","slug":"cristina-martin-prieto-marca-golaco-e-benfica-ja-vence-twente-na-champions-league-feminina","status":"publish","type":"post","link":"https:\/\/www.europesays.com\/pt\/151385\/","title":{"rendered":"Cristina Mart\u00edn-Prieto marca gola\u00e7o e Benfica j\u00e1 vence Twente na Champions League Feminina"},"content":{"rendered":"<p>&#8211; Advertisement &#8211;<\/p>\n<p><strong>Foi Cristina Mart\u00edn-Prieto quem, de fora da \u00e1rea, adiantou as \u00e1guias e abriu o marcador. O Benfica recebe o Twente no Est\u00e1dio da Luz. <\/strong><\/p>\n<p>Que momento individual de Cristina Mart\u00edn-Prieto. A avan\u00e7ada do Benfica aproveitou um lance de transi\u00e7\u00e3o para conduzir at\u00e9 \u00e0 \u00e1rea advers\u00e1ria e, na meia lua que a ladeia, disparar a contar para o \u00e2ngulo superior da baliza. 1-0 para o Benfica aos 62 minutos. <\/p>\n<p>Depois das derrotas diante da Juventus e\u00a0<a href=\"https:\/\/bolanarede.pt\/nacional\/benfica\/quao-agridoce-pode-ser-defrontar-o-campeao-europeu-benfica\/\" target=\"_blank\" rel=\"noreferrer noopener nofollow\">contra o Arsenal<\/a>,\u00a0Benfica ainda procura os primeiros pontos na competi\u00e7\u00e3o. <\/p>\n<blockquote class=\"twitter-tweet\" data-media-max-width=\"560\">\n<p lang=\"zxx\" dir=\"ltr\"><a href=\"https:\/\/t.co\/gqmh2Odx0w\" rel=\"nofollow\">pic.twitter.com\/gqmh2Odx0w<\/a><\/p>\n<p>\u2014 BenficaFeminino (@FemininoBenfica) <a href=\"https:\/\/twitter.com\/FemininoBenfica\/status\/1988719687249641809?ref_src=twsrc%5Etfw\" rel=\"nofollow noopener\" target=\"_blank\">November 12, 2025<\/a><\/p><\/blockquote>\n<p><script async src=\"https:\/\/platform.twitter.com\/widgets.js\" charset=\"utf-8\"><\/script><\/p>\n","protected":false},"excerpt":{"rendered":"&#8211; Advertisement &#8211; Foi Cristina Mart\u00edn-Prieto quem, de fora da \u00e1rea, adiantou as \u00e1guias e abriu o marcador.&hellip;\n","protected":false},"author":2,"featured_media":151386,"comment_status":"","ping_status":"","sticky":false,"template":"","format":"standard","meta":{"footnotes":""},"categories":[87],"tags":[260,51,17142,32836,135,32,33,134,32837],"class_list":{"0":"post-151385","1":"post","2":"type-post","3":"status-publish","4":"format-standard","5":"has-post-thumbnail","7":"category-desporto","8":"tag-atualidade","9":"tag-benfica","10":"tag-benfica-feminino","11":"tag-champions-league-feminina","12":"tag-desporto","13":"tag-portugal","14":"tag-pt","15":"tag-sports","16":"tag-twente-feminino"},"share_on_mastodon":{"url":"https:\/\/pubeurope.com\/@pt\/115546368491149792","error":""},"_links":{"self":[{"href":"https:\/\/www.europesays.com\/pt\/wp-json\/wp\/v2\/posts\/151385","targetHints":{"allow":["GET"]}}],"collection":[{"href":"https:\/\/www.europesays.com\/pt\/wp-json\/wp\/v2\/posts"}],"about":[{"href":"https:\/\/www.europesays.com\/pt\/wp-json\/wp\/v2\/types\/post"}],"author":[{"embeddable":true,"href":"https:\/\/www.europesays.com\/pt\/wp-json\/wp\/v2\/users\/2"}],"replies":[{"embeddable":true,"href":"https:\/\/www.europesays.com\/pt\/wp-json\/wp\/v2\/comments?post=151385"}],"version-history":[{"count":0,"href":"https:\/\/www.europesays.com\/pt\/wp-json\/wp\/v2\/posts\/151385\/revisions"}],"wp:featuredmedia":[{"embeddable":true,"href":"https:\/\/www.europesays.com\/pt\/wp-json\/wp\/v2\/media\/151386"}],"wp:attachment":[{"href":"https:\/\/www.europesays.com\/pt\/wp-json\/wp\/v2\/media?parent=151385"}],"wp:term":[{"taxonomy":"category","embeddable":true,"href":"https:\/\/www.europesays.com\/pt\/wp-json\/wp\/v2\/categories?post=151385"},{"taxonomy":"post_tag","embeddable":true,"href":"https:\/\/www.europesays.com\/pt\/wp-json\/wp\/v2\/tags?post=151385"}],"curies":[{"name":"wp","href":"https:\/\/api.w.org\/{rel}","templated":true}]}}