{"id":151387,"date":"2025-11-14T05:20:15","date_gmt":"2025-11-14T05:20:15","guid":{"rendered":"https:\/\/www.europesays.com\/pt\/151387\/"},"modified":"2025-11-14T05:20:15","modified_gmt":"2025-11-14T05:20:15","slug":"falas-mais-do-que-um-idioma-entao-isto-vai-interessar-te-e-muito","status":"publish","type":"post","link":"https:\/\/www.europesays.com\/pt\/151387\/","title":{"rendered":"Falas mais do que um idioma? Ent\u00e3o isto vai interessar-te (e muito)"},"content":{"rendered":"<p>Aprender novas l\u00ednguas pode trazer benef\u00edcios que v\u00e3o muito al\u00e9m da comunica\u00e7\u00e3o. Uma investiga\u00e7\u00e3o recente, que analisou dados de mais de 80 mil pessoas entre os 51 e os 90 anos, em 27 pa\u00edses europeus, concluiu que quem fala duas ou mais l\u00ednguas tende a apresentar sinais mais reduzidos de envelhecimento biol\u00f3gico do que quem fala apenas uma.\n<\/p>\n<p>O <a href=\"https:\/\/es.euronews.com\/salud\/2025\/11\/11\/hablar-mas-de-1-idioma-puede-ayudar-a-frenar-el-envejecimiento-segun-un-estudio\" target=\"_blank\" rel=\"nofollow noopener\">estudo<\/a>, conduzido por investigadores do Trinity College Dublin e de outras institui\u00e7\u00f5es europeias, relacionou informa\u00e7\u00f5es sobre estilo de vida, sa\u00fade e compet\u00eancias cognitivas. Os resultados mostraram que falar v\u00e1rias l\u00ednguas est\u00e1 ligado a uma maior resili\u00eancia do c\u00e9rebro, ou seja, a capacidade de resistir melhor ao decl\u00ednio natural causado pela idade.<\/p>\n<p>Segundo o neurocientista Agustin Ibanez, um dos autores do trabalho, o uso frequente de mais do que uma l\u00edngua obriga o c\u00e9rebro a alternar constantemente entre sistemas lingu\u00edsticos, estimulando \u00e1reas ligadas \u00e0 aten\u00e7\u00e3o, mem\u00f3ria e tomada de decis\u00e3o. Essas mesmas redes s\u00e3o justamente aquelas que tendem a enfraquecer com o envelhecimento, explicou o investigador \u00e0 &#8216;<a href=\"https:\/\/es.euronews.com\/salud\/2025\/11\/11\/hablar-mas-de-1-idioma-puede-ayudar-a-frenar-el-envejecimiento-segun-un-estudio\" target=\"_blank\" rel=\"nofollow noopener\">Euronews<\/a>&#8216;.<\/p>\n<p>Os cientistas observaram ainda um efeito cumulativo: quanto maior o n\u00famero de idiomas dominados, maior o impacto positivo sobre o envelhecimento biol\u00f3gico. Al\u00e9m da vertente cognitiva, o estudo sugere que o contacto com diferentes l\u00ednguas favorece a integra\u00e7\u00e3o social e o bem-estar emocional, fatores tamb\u00e9m associados a uma maior longevidade.\n<\/p>\n<p>Os investigadores defendem que o ensino de l\u00ednguas deve ser incentivado ao longo de toda a vida, n\u00e3o apenas nas escolas, mas tamb\u00e9m em programas dirigidos a adultos e seniores.<\/p>\n","protected":false},"excerpt":{"rendered":"Aprender novas l\u00ednguas pode trazer benef\u00edcios que v\u00e3o muito al\u00e9m da comunica\u00e7\u00e3o. Uma investiga\u00e7\u00e3o recente, que analisou dados&hellip;\n","protected":false},"author":2,"featured_media":151388,"comment_status":"","ping_status":"","sticky":false,"template":"","format":"standard","meta":{"footnotes":""},"categories":[86],"tags":[783,778,779,774,764,769,767,772,782,784,116,222,771,773,149,768,777,32,33,766,781,765,763,775,117,780,776,770],"class_list":{"0":"post-151387","1":"post","2":"type-post","3":"status-publish","4":"format-standard","5":"has-post-thumbnail","7":"category-saude","8":"tag-6pm","9":"tag-80s-rfm","10":"tag-80srfm","11":"tag-90s","12":"tag-bruno-mars","13":"tag-cafe-da-manha","14":"tag-comedia","15":"tag-dance-it","16":"tag-emissao-online","17":"tag-fridayboyz","18":"tag-health","19":"tag-humor","20":"tag-jazzy","21":"tag-latinas","22":"tag-music","23":"tag-nilton","24":"tag-oceano-pacifico","25":"tag-portugal","26":"tag-pt","27":"tag-radio","28":"tag-radio-online","29":"tag-rfm","30":"tag-rock-in-rio","31":"tag-rocks","32":"tag-saude","33":"tag-somnii","34":"tag-toca-portugal","35":"tag-top-25"},"share_on_mastodon":{"url":"https:\/\/pubeurope.com\/@pt\/115546372347914805","error":""},"_links":{"self":[{"href":"https:\/\/www.europesays.com\/pt\/wp-json\/wp\/v2\/posts\/151387","targetHints":{"allow":["GET"]}}],"collection":[{"href":"https:\/\/www.europesays.com\/pt\/wp-json\/wp\/v2\/posts"}],"about":[{"href":"https:\/\/www.europesays.com\/pt\/wp-json\/wp\/v2\/types\/post"}],"author":[{"embeddable":true,"href":"https:\/\/www.europesays.com\/pt\/wp-json\/wp\/v2\/users\/2"}],"replies":[{"embeddable":true,"href":"https:\/\/www.europesays.com\/pt\/wp-json\/wp\/v2\/comments?post=151387"}],"version-history":[{"count":0,"href":"https:\/\/www.europesays.com\/pt\/wp-json\/wp\/v2\/posts\/151387\/revisions"}],"wp:featuredmedia":[{"embeddable":true,"href":"https:\/\/www.europesays.com\/pt\/wp-json\/wp\/v2\/media\/151388"}],"wp:attachment":[{"href":"https:\/\/www.europesays.com\/pt\/wp-json\/wp\/v2\/media?parent=151387"}],"wp:term":[{"taxonomy":"category","embeddable":true,"href":"https:\/\/www.europesays.com\/pt\/wp-json\/wp\/v2\/categories?post=151387"},{"taxonomy":"post_tag","embeddable":true,"href":"https:\/\/www.europesays.com\/pt\/wp-json\/wp\/v2\/tags?post=151387"}],"curies":[{"name":"wp","href":"https:\/\/api.w.org\/{rel}","templated":true}]}}