{"id":15139,"date":"2025-08-04T06:24:13","date_gmt":"2025-08-04T06:24:13","guid":{"rendered":"https:\/\/www.europesays.com\/pt\/15139\/"},"modified":"2025-08-04T06:24:13","modified_gmt":"2025-08-04T06:24:13","slug":"como-a-maia-controla-e32-mil-milhoes-por-ano-em-gastos-do-sns","status":"publish","type":"post","link":"https:\/\/www.europesays.com\/pt\/15139\/","title":{"rendered":"Como a Maia controla \u20ac3,2 mil milh\u00f5es por ano em gastos do SNS"},"content":{"rendered":"<p class=\"texto\">Quando o consumo de Ozempic disparou em Portugal por haver m\u00e9dicos a prescrever o medicamento destinado ao tratamento da diabetes tipo II a n\u00e3o diab\u00e9ticos que queriam ou precisavam de emagrecer, um dos primeiros alertas partiu de um edif\u00edcio discreto na Zona Industrial da Maia. \u201cNo Centro de Controlo e Monitoriza\u00e7\u00e3o do Servi\u00e7o Nacional de Sa\u00fade (CCMSNS) detet\u00e1mos um medicamento que estava a bater recordes de consumo e, a partir da\u00ed, foram tomadas medidas de controlo. A prescri\u00e7\u00e3o eletr\u00f3nica acabou por ser alterada de forma a garantir que a comparticipa\u00e7\u00e3o da despesa era limitada aos utentes que precisam realmente do f\u00e1rmaco para tratar a diabetes\u201d, explica Sandra Cavaca, presidente da SPMS \u2014 Servi\u00e7os Partilhados do Minist\u00e9rio da Sa\u00fade.<\/p>\n<p><a href=\"https:\/\/expresso.pt\/promo\/data\/content\/binaries\/custom\/expresso\/digital\/COGB6.html?returnUrl=https:\/\/expresso.pt\/economia\/2025-08-02-como-a-maia-controla-32-mil-milhoes-por-ano-em-gastos-do-sns-0aac0b0d&amp;utm_source=expresso&amp;utm_medium=locked_article&amp;locked=true&amp;article_id=6683716b-0318-4106-8be6-0c559d975011&amp;author_id=Margarida+Cardoso,Rui+Duarte+Silva&amp;category=Economia\" target=\"_self\" class=\"\" rel=\"nofollow noopener\">Subscrever<\/a>J\u00e1 \u00e9 Subscritor?Fa\u00e7a login e continue a ler<a href=\"http:\/\/expresso.pt\/codigo?redirectUrl=https:\/\/expresso.pt\/economia\/2025-08-02-como-a-maia-controla-32-mil-milhoes-por-ano-em-gastos-do-sns-0aac0b0d\" target=\"_self\" class=\"\" rel=\"nofollow noopener\">Inserir C\u00f3digo<\/a>Comprou o Expresso?Insira o c\u00f3digo presente na Revista E para continuar a ler<\/p>\n","protected":false},"excerpt":{"rendered":"Quando o consumo de Ozempic disparou em Portugal por haver m\u00e9dicos a prescrever o medicamento destinado ao tratamento&hellip;\n","protected":false},"author":2,"featured_media":15140,"comment_status":"","ping_status":"","sticky":false,"template":"","format":"standard","meta":{"footnotes":""},"categories":[83],"tags":[88,89,90,32,33],"class_list":{"0":"post-15139","1":"post","2":"type-post","3":"status-publish","4":"format-standard","5":"has-post-thumbnail","7":"category-empresas","8":"tag-business","9":"tag-economy","10":"tag-empresas","11":"tag-portugal","12":"tag-pt"},"share_on_mastodon":{"url":"","error":""},"_links":{"self":[{"href":"https:\/\/www.europesays.com\/pt\/wp-json\/wp\/v2\/posts\/15139","targetHints":{"allow":["GET"]}}],"collection":[{"href":"https:\/\/www.europesays.com\/pt\/wp-json\/wp\/v2\/posts"}],"about":[{"href":"https:\/\/www.europesays.com\/pt\/wp-json\/wp\/v2\/types\/post"}],"author":[{"embeddable":true,"href":"https:\/\/www.europesays.com\/pt\/wp-json\/wp\/v2\/users\/2"}],"replies":[{"embeddable":true,"href":"https:\/\/www.europesays.com\/pt\/wp-json\/wp\/v2\/comments?post=15139"}],"version-history":[{"count":0,"href":"https:\/\/www.europesays.com\/pt\/wp-json\/wp\/v2\/posts\/15139\/revisions"}],"wp:featuredmedia":[{"embeddable":true,"href":"https:\/\/www.europesays.com\/pt\/wp-json\/wp\/v2\/media\/15140"}],"wp:attachment":[{"href":"https:\/\/www.europesays.com\/pt\/wp-json\/wp\/v2\/media?parent=15139"}],"wp:term":[{"taxonomy":"category","embeddable":true,"href":"https:\/\/www.europesays.com\/pt\/wp-json\/wp\/v2\/categories?post=15139"},{"taxonomy":"post_tag","embeddable":true,"href":"https:\/\/www.europesays.com\/pt\/wp-json\/wp\/v2\/tags?post=15139"}],"curies":[{"name":"wp","href":"https:\/\/api.w.org\/{rel}","templated":true}]}}