{"id":151395,"date":"2025-11-14T05:30:10","date_gmt":"2025-11-14T05:30:10","guid":{"rendered":"https:\/\/www.europesays.com\/pt\/151395\/"},"modified":"2025-11-14T05:30:10","modified_gmt":"2025-11-14T05:30:10","slug":"secret-story-pedro-jorge-recusa-ir-com-liliana-para-quarto-secreto-e-recebe-castigo-da-voz","status":"publish","type":"post","link":"https:\/\/www.europesays.com\/pt\/151395\/","title":{"rendered":"&#8220;Secret Story&#8221;: Pedro Jorge recusa ir com Liliana para quarto secreto&#8230; e recebe castigo da Voz!"},"content":{"rendered":"<p>Liliana Oliveira disse ser capaz de fazer tudo para ganhar o pr\u00e9mio de 250 mil euros, que ser\u00e1 entregue ao vencedor da nona edi\u00e7\u00e3o de &#8220;Secret Story &#8211; Casa dos Segredos&#8221;. Por isso mesmo, na emiss\u00e3o especial desta quinta-feira, dia 13, do reality show da <a href=\"https:\/\/tvi.iol.pt\/\" target=\"_blank\" rel=\"nofollow noopener\">TVI<\/a>, a Voz lan\u00e7ou um desafio \u00e0 concorrente.<\/p>\n<p>O dono da mans\u00e3o da Malveira ofereceu a Liliana Oliveira a oportunidade de ter um momento a s\u00f3s&#8230; com <a href=\"https:\/\/selfie.iol.pt\/famosos\/casa-dos-segredos\/secret-story-segredo-de-pedro-jorge-e-marisa-pires-ja-foi-revelado-em-plena-gala\/20251109\/6911176cd34e3caad84b174e\" target=\"_blank\" rel=\"nofollow noopener\">Pedro Jorge<\/a>. Ela ainda disse aceitar o repto, mas ele declinou a proposta.<\/p>\n<p>&#8220;Eu n\u00e3o aceito&#8221;, afirmou o companheiro de Marisa Pires. &#8220;Porqu\u00ea?&#8221;, quis saber a Voz. &#8220;Porque n\u00e3o. N\u00e3o quero. Para mim, n\u00e3o vale tudo&#8221;, fundamentou <a href=\"https:\/\/selfie.iol.pt\/famosos\/casa-dos-segredos-9\/secret-story-apos-dias-de-duvidas-equipa-de-pedro-jorge-reage-fizeram-barulho-ca-fora\/20251110\/691204e1d34e2bd5c6d3d506\" target=\"_blank\" rel=\"nofollow noopener\">Pedro Jorge<\/a>.<\/p>\n<p>&#8220;A verdade \u00e9 que, o que um n\u00e3o quer, dois n\u00e3o fazem. Portanto, Liliana, infelizmente, n\u00e3o vai poder participar nesta aventura. Pedro, 1500 euros ser\u00e3o retirados da sua conta&#8221;, castigou o soberano do programa.<\/p>\n<p>Veja, agora, os v\u00eddeos do referido momento em &#8220;<a href=\"https:\/\/tvi.iol.pt\/secretstory\/\" target=\"_blank\" rel=\"nofollow noopener\">Secret Story<\/a> &#8211; Casa dos Segredos&#8221;.<\/p>\n","protected":false},"excerpt":{"rendered":"Liliana Oliveira disse ser capaz de fazer tudo para ganhar o pr\u00e9mio de 250 mil euros, que ser\u00e1&hellip;\n","protected":false},"author":2,"featured_media":99542,"comment_status":"","ping_status":"","sticky":false,"template":"","format":"standard","meta":{"footnotes":""},"categories":[142],"tags":[2632,13471,6338,328,114,115,980,19016,24883,619,14646,21416,32,33,1014,1315,6985,16687,16686,1012,6986,16688,151,162,3859],"class_list":{"0":"post-151395","1":"post","2":"type-post","3":"status-publish","4":"format-standard","5":"has-post-thumbnail","7":"category-tv","8":"tag-casa-dos-segredos","9":"tag-casa-dos-segredos-9","10":"tag-concorrente","11":"tag-concorrentes","12":"tag-entertainment","13":"tag-entretenimento","14":"tag-famosos","15":"tag-liliana","16":"tag-liliana-oliveira","17":"tag-nacional","18":"tag-pedro","19":"tag-pedro-jorge","20":"tag-portugal","21":"tag-pt","22":"tag-reality-show","23":"tag-secret-story","24":"tag-secret-story-casa-dos-segredos","25":"tag-secret-story-casa-dos-segredos-9","26":"tag-secret-story-9","27":"tag-selfie","28":"tag-ss","29":"tag-ss9","30":"tag-tv","31":"tag-tvi","32":"tag-voz"},"share_on_mastodon":{"url":"https:\/\/pubeurope.com\/@pt\/115546411732207175","error":""},"_links":{"self":[{"href":"https:\/\/www.europesays.com\/pt\/wp-json\/wp\/v2\/posts\/151395","targetHints":{"allow":["GET"]}}],"collection":[{"href":"https:\/\/www.europesays.com\/pt\/wp-json\/wp\/v2\/posts"}],"about":[{"href":"https:\/\/www.europesays.com\/pt\/wp-json\/wp\/v2\/types\/post"}],"author":[{"embeddable":true,"href":"https:\/\/www.europesays.com\/pt\/wp-json\/wp\/v2\/users\/2"}],"replies":[{"embeddable":true,"href":"https:\/\/www.europesays.com\/pt\/wp-json\/wp\/v2\/comments?post=151395"}],"version-history":[{"count":0,"href":"https:\/\/www.europesays.com\/pt\/wp-json\/wp\/v2\/posts\/151395\/revisions"}],"wp:featuredmedia":[{"embeddable":true,"href":"https:\/\/www.europesays.com\/pt\/wp-json\/wp\/v2\/media\/99542"}],"wp:attachment":[{"href":"https:\/\/www.europesays.com\/pt\/wp-json\/wp\/v2\/media?parent=151395"}],"wp:term":[{"taxonomy":"category","embeddable":true,"href":"https:\/\/www.europesays.com\/pt\/wp-json\/wp\/v2\/categories?post=151395"},{"taxonomy":"post_tag","embeddable":true,"href":"https:\/\/www.europesays.com\/pt\/wp-json\/wp\/v2\/tags?post=151395"}],"curies":[{"name":"wp","href":"https:\/\/api.w.org\/{rel}","templated":true}]}}