{"id":151396,"date":"2025-11-14T05:33:25","date_gmt":"2025-11-14T05:33:25","guid":{"rendered":"https:\/\/www.europesays.com\/pt\/151396\/"},"modified":"2025-11-14T05:33:25","modified_gmt":"2025-11-14T05:33:25","slug":"portugal-aplica-forte-goleada-de-10-0","status":"publish","type":"post","link":"https:\/\/www.europesays.com\/pt\/151396\/","title":{"rendered":"Portugal aplica forte goleada de 10-0"},"content":{"rendered":"<p>&#8211; Advertisement &#8211;<\/p>\n<p><strong>Portugal goleou o <strong>Liechtenstein\u00a0<\/strong>por 10-0 na primeira etapa de qualifica\u00e7\u00e3o para o Euro Sub-17. Martim Ribeiro fez hat-trick.<\/strong><\/p>\n<p>Portugal entrou com o p\u00e9 direito na primeira etapa de qualifica\u00e7\u00e3o para o Euro <a href=\"https:\/\/bolanarede.pt\/especial-bola-na-rede\/atualidade\/portugal-ja-conhece-o-adversario-no-mundial-sub-17\/\" target=\"_blank\" rel=\"noreferrer noopener nofollow\">Sub-17<\/a>. A Sele\u00e7\u00e3o Nacional goleou o Liechtenstein\u00a0por 10-0, num jogo que teve lugar no Est\u00e1dio do Algarve a partir das 15h00.<\/p>\n<p>Martim Ribeiro esteve em destaque, ao fazer um hat-trick (15\u2032, 18\u2032 e 47\u2032). Sim\u00e3o Constantino (61\u2032), Lamine Fawler (65\u2032 e 90+2\u2032), N\u00e9lio Batista (71\u2032), Andreson Semedo (75\u2032) e Afonso Ferreirinha (76\u2032 e 81\u2032) tamb\u00e9m marcaram.<\/p>\n<p>\u00abOs vencedores de cada grupo, assim como os segundos classificados, asseguram a presen\u00e7a na pr\u00f3xima ronda de qualifica\u00e7\u00e3o, marcada para a primavera de 2026\u00bb, pode ler-se na FPF. O Euro Sub-17 ser\u00e1 disputado entre 25 de maio e 7 de junho de 2026 na Est\u00f3nia. <\/p>\n<p><img fetchpriority=\"high\" decoding=\"async\" width=\"1024\" height=\"683\" src=\"data:image\/svg+xml,%3Csvg%20xmlns=\" http:=\"\" alt=\"\" class=\"wp-image-455312 ewww_webp_lazy_load\" data-lazy- data-lazy- data-lazy-src=\"https:\/\/www.europesays.com\/pt\/wp-content\/uploads\/2025\/11\/image-10-1024x683.jpg\" data-lazy-src-webp=\"https:\/\/www.europesays.com\/pt\/wp-content\/uploads\/2025\/11\/image-10-1024x683.jpg.webp\" data-lazy-srcset-webp=\"https:\/\/www.europesays.com\/pt\/wp-content\/uploads\/2025\/11\/image-10-1024x683.jpg.webp 1024w, https:\/\/binny-bolanarede.b-cdn.net\/wp-content\/uploads\/2025\/11\/image-10-300x200.jpg.webp 300w, https:\/\/binny-bolanarede.b-cdn.net\/wp-content\/uploads\/2025\/11\/image-10-768x512.jpg.webp 768w, https:\/\/binny-bolanarede.b-cdn.net\/wp-content\/uploads\/2025\/11\/image-10-1536x1024.jpg.webp 1536w, https:\/\/binny-bolanarede.b-cdn.net\/wp-content\/uploads\/2025\/11\/image-10-150x100.jpg.webp 150w, https:\/\/binny-bolanarede.b-cdn.net\/wp-content\/uploads\/2025\/11\/image-10-696x464.jpg.webp 696w, https:\/\/binny-bolanarede.b-cdn.net\/wp-content\/uploads\/2025\/11\/image-10-1068x712.jpg.webp 1068w, https:\/\/binny-bolanarede.b-cdn.net\/wp-content\/uploads\/2025\/11\/image-10.jpg.webp 1920w\"\/>Fonte: FPF<\/p>\n","protected":false},"excerpt":{"rendered":"&#8211; Advertisement &#8211; Portugal goleou o Liechtenstein\u00a0por 10-0 na primeira etapa de qualifica\u00e7\u00e3o para o Euro Sub-17. Martim&hellip;\n","protected":false},"author":2,"featured_media":151397,"comment_status":"","ping_status":"","sticky":false,"template":"","format":"standard","meta":{"footnotes":""},"categories":[87],"tags":[260,135,478,32838,32723,32,33,134],"class_list":{"0":"post-151396","1":"post","2":"type-post","3":"status-publish","4":"format-standard","5":"has-post-thumbnail","7":"category-desporto","8":"tag-atualidade","9":"tag-desporto","10":"tag-destaques-bnr","11":"tag-euro-sub-17","12":"tag-liechtenstein","13":"tag-portugal","14":"tag-pt","15":"tag-sports"},"share_on_mastodon":{"url":"https:\/\/pubeurope.com\/@pt\/115546423528700581","error":""},"_links":{"self":[{"href":"https:\/\/www.europesays.com\/pt\/wp-json\/wp\/v2\/posts\/151396","targetHints":{"allow":["GET"]}}],"collection":[{"href":"https:\/\/www.europesays.com\/pt\/wp-json\/wp\/v2\/posts"}],"about":[{"href":"https:\/\/www.europesays.com\/pt\/wp-json\/wp\/v2\/types\/post"}],"author":[{"embeddable":true,"href":"https:\/\/www.europesays.com\/pt\/wp-json\/wp\/v2\/users\/2"}],"replies":[{"embeddable":true,"href":"https:\/\/www.europesays.com\/pt\/wp-json\/wp\/v2\/comments?post=151396"}],"version-history":[{"count":0,"href":"https:\/\/www.europesays.com\/pt\/wp-json\/wp\/v2\/posts\/151396\/revisions"}],"wp:featuredmedia":[{"embeddable":true,"href":"https:\/\/www.europesays.com\/pt\/wp-json\/wp\/v2\/media\/151397"}],"wp:attachment":[{"href":"https:\/\/www.europesays.com\/pt\/wp-json\/wp\/v2\/media?parent=151396"}],"wp:term":[{"taxonomy":"category","embeddable":true,"href":"https:\/\/www.europesays.com\/pt\/wp-json\/wp\/v2\/categories?post=151396"},{"taxonomy":"post_tag","embeddable":true,"href":"https:\/\/www.europesays.com\/pt\/wp-json\/wp\/v2\/tags?post=151396"}],"curies":[{"name":"wp","href":"https:\/\/api.w.org\/{rel}","templated":true}]}}