{"id":151402,"date":"2025-11-14T05:47:18","date_gmt":"2025-11-14T05:47:18","guid":{"rendered":"https:\/\/www.europesays.com\/pt\/151402\/"},"modified":"2025-11-14T05:47:18","modified_gmt":"2025-11-14T05:47:18","slug":"yamal-tratamento-surpresa-e-guerra-aberta-entre-treinadores-observador","status":"publish","type":"post","link":"https:\/\/www.europesays.com\/pt\/151402\/","title":{"rendered":"Yamal. Tratamento surpresa e guerra aberta entre treinadores \u2013 Observador"},"content":{"rendered":"<p>\u00c9 o assunto que est\u00e1 a motivar capas de jornais no futebol espanhol e que parece n\u00e3o ter propriamente uma solu\u00e7\u00e3o \u00e0 vista <strong>\u2014 mesmo com um Campeonato do Mundo a acontecer no pr\u00f3ximo ver\u00e3o.<\/strong> Depois de ser convocado para o duplo compromisso de Espanha nestes dias, Lamine Yamal foi tamb\u00e9m desconvocado. E embora Real Federa\u00e7\u00e3o de Futebol (RFEF) e Barcelona queiram manter a tranquilidade, os dois treinadores n\u00e3o t\u00eam medido palavras.<\/p>\n<p>Ainda que a hist\u00f3ria em si n\u00e3o tenha come\u00e7ado na sexta-feira, este novo cap\u00edtulo come\u00e7ou mesmo no final da semana passada. Lamine Yamal foi naturalmente convocado por Luis de la Fuente para os jogos de Espanha contra Ge\u00f3rgia e Turquia, s\u00e1bado e ter\u00e7a-feira, numa dupla jornada em que os espanh\u00f3is podem qualificar-se para o Mundial 2026. Dias depois, durante a manh\u00e3 de ter\u00e7a-feira, <strong>a RFEF emitiu um comunicado duro onde anunciava que o avan\u00e7ado estava afinal desconvocado<\/strong> e n\u00e3o estaria dispon\u00edvel por ter sido submetido a um tratamento que obriga a algum repouso \u2014 algo que o Barcelona ter\u00e1 omitido at\u00e9 a convocat\u00f3ria ser p\u00fablica.<\/p>\n<blockquote class=\"twitter-tweet\" data-width=\"500\" data-dnt=\"true\">\n<p lang=\"es\" dir=\"ltr\">Lamine Yamal es desconvocado para jugar contra Georgia y Turqu\u00eda.<\/p>\n<p>\u2139\ufe0f Leer m\u00e1s: <a href=\"https:\/\/t.co\/atDKuEHhN4\" rel=\"nofollow\">https:\/\/t.co\/atDKuEHhN4<\/a> <a href=\"https:\/\/twitter.com\/hashtag\/VamosEspa%C3%B1a?src=hash&amp;ref_src=twsrc%5Etfw\" rel=\"nofollow noopener\" target=\"_blank\">#VamosEspa\u00f1a<\/a> | <a href=\"https:\/\/twitter.com\/hashtag\/CopaMundialFIFA?src=hash&amp;ref_src=twsrc%5Etfw\" rel=\"nofollow noopener\" target=\"_blank\">#CopaMundialFIFA<\/a> <a href=\"https:\/\/t.co\/18d34HtQdJ\" rel=\"nofollow\">pic.twitter.com\/18d34HtQdJ<\/a><\/p>\n<p>\u2014 Selecci\u00f3n Espa\u00f1ola Masculina de F\u00fatbol (@SEFutbol) <a href=\"https:\/\/twitter.com\/SEFutbol\/status\/1988179194057290143?ref_src=twsrc%5Etfw\" rel=\"nofollow noopener\" target=\"_blank\">November 11, 2025<\/a><\/p>\n<\/blockquote>\n<p>\u201cOs Servi\u00e7os M\u00e9dicos da RFEF desejam expressar a sua surpresa e mal-estar por terem tido conhecimento, \u00e0s 13h47 desta segunda-feira, dia do in\u00edcio da concentra\u00e7\u00e3o oficial com a sele\u00e7\u00e3o nacional, que o jogador Lamine Yamal foi submetido a um procedimento invasivo de radiofrequ\u00eancia para o tratamento de um problema na p\u00fabis nessa mesma manh\u00e3. <strong>Esse procedimento aconteceu sem comunica\u00e7\u00e3o pr\u00e9via ao corpo m\u00e9dico da sele\u00e7\u00e3o,<\/strong> que s\u00f3 teve conhecimento dos detalhes atrav\u00e9s de uma nota recebida \u00e0s 22h40 de segunda-feira \u00e0 noite, em que \u00e9 indicada a recomenda\u00e7\u00e3o m\u00e9dica de repouso de sete a dez dias\u201d, pode ler-se no comunicado da Federa\u00e7\u00e3o, que acrescentava que o avan\u00e7ado foi desconvocado para \u201cdar prioridade \u00e0 sua sa\u00fade, seguran\u00e7a e bem estar\u201d.<\/p>\n<p>Do lado do Barcelona, numa curta rea\u00e7\u00e3o enviada \u00e0s reda\u00e7\u00f5es, a resposta n\u00e3o alimentou o tema. \u201cNa \u00f3tica do nosso clube e do jogador tem toda a l\u00f3gica. O Lamine quer estar bem para o resto da temporada, n\u00e3o para dois jogos em que Espanha j\u00e1 n\u00e3o joga nada\u201d, sublinharam os catal\u00e3es, com Luis de la Fuente a responder em confer\u00eancia de imprensa horas depois. \u201cH\u00e1 procedimentos que acontecem \u00e0 margem da Federa\u00e7\u00e3o. \u00c9 disso que se trata, temos de o aceitar. <strong>Nunca vivi uma situa\u00e7\u00e3o assim, n\u00e3o acho que seja muito normal. Surpreendeu-nos a todos.<\/strong> N\u00e3o tens not\u00edcias, n\u00e3o conheces pormenores, ainda por cima num problema de sa\u00fade. Da\u00ed ter ficado surpreendido\u201d, disse o selecionador espanhol.<\/p>\n<p>Na RFEF, <a href=\"https:\/\/elpais.com\/deportes\/futbol\/2025-11-11\/lamine-causa-baja-con-la-seleccion-por-sus-molestias-en-el-pubis-y-se-reactiva-la-trifulca-entre-el-barca-y-la-federacion.html\" rel=\"nofollow noopener\" target=\"_blank\">de acordo<\/a> com o El Pa\u00eds, <strong>o clima \u00e9 mesmo de estupefa\u00e7\u00e3o \u2014<\/strong> at\u00e9 pelas boas rela\u00e7\u00f5es entre Deco e Aitor Karanka, diretor desportivo do Barcelona e diretor t\u00e9cnico da sele\u00e7\u00e3o, e tamb\u00e9m Joan Laporta e Rafael Louz\u00e1n, presidente dos catal\u00e3es e presidente da Federa\u00e7\u00e3o. Ainda assim, a verdade \u00e9 que o diferendo entre clube e RFEF sobre Lamine Yamal n\u00e3o \u00e9 novo, tem meses e n\u00e3o parece estar perto de terminar.<\/p>\n<blockquote class=\"twitter-tweet\" data-width=\"500\" data-dnt=\"true\">\n<p lang=\"en\" dir=\"ltr\">????????\ufe0f| Luis de la Fuente: \u201cThis morning I was with Lamine to reassure him. He wanted to stay with us. He\u2019s a player FULLY committed to the national team. He wanted to remain for personal reasons, but it was impossible. We were with him, we said goodbye to him, and he also said\u2026 <a href=\"https:\/\/t.co\/pAri83p4x0\" rel=\"nofollow\">pic.twitter.com\/pAri83p4x0<\/a><\/p>\n<p>\u2014 Bar\u00e7aTimes (@BarcaTimes) <a href=\"https:\/\/twitter.com\/BarcaTimes\/status\/1988268936119332881?ref_src=twsrc%5Etfw\" rel=\"nofollow noopener\" target=\"_blank\">November 11, 2025<\/a><\/p>\n<\/blockquote>\n<p>Ainda em setembro, Lamine Yamal foi convocado por Luis de la Fuente e representou Espanha contra a Bulg\u00e1ria e a Turquia. Depois de uma semana de aparente normalidade, Hansi Flick revelou que o avan\u00e7ado estava lesionado e atribuiu responsabilidade \u00e0 sele\u00e7\u00e3o. \u201c\u00c9 uma pena. J\u00e1 saiu daqui com dores, deram-lhe analg\u00e9sicos e jogou 73 e 79 minutos. Entre os dois jogos nem sequer treinou. <strong>Isto n\u00e3o \u00e9 ter cuidado com os jogadores\u201d,<\/strong> atirou o treinador alem\u00e3o, indicando que o espanhol tinha sido diagnosticado com uma pubalgia.<\/p>\n<p>As declara\u00e7\u00f5es de Hansi Flick ca\u00edram como uma bomba na RFEF, j\u00e1 que Lamine Yamal <strong>n\u00e3o apresentou quaisquer queixas na p\u00fabis enquanto esteve ao servi\u00e7o do Espanha<\/strong> e s\u00f3 falou em dores nas costas, tendo recebido um analg\u00e9sico por via intramuscular antes do segundo jogo. O avan\u00e7ado voltou aos relvados no final de setembro, depois de 15 dias de aus\u00eancia, e foi utilizado contra a Real Sociedad e o PSG. Nesse sentido, j\u00e1 em outubro, Luis de la Fuente volta a convoc\u00e1-lo \u2014 aproveitando para deixar uma farpa a Hansi Flick, ressalvando que \u201cesperava mais empatia\u201d de algu\u00e9m que tamb\u00e9m foi selecionador.<\/p>\n<p>Tr\u00eas horas depois da convocat\u00f3ria ser anunciada, contudo, o Barcelona emite um comunicado onde refere que Lamine Yamal <strong>se ressentiu da pubalgia e estar\u00e1 ausente entre duas a tr\u00eas semanas \u2014 <\/strong>sendo que, na noite anterior, a equipa m\u00e9dica da RFEF tinha falado com a equipa m\u00e9dica dos catal\u00e3es para aferir a disponibilidade f\u00edsica de todos os jogadores convocados. O avan\u00e7ado foi desconvocado e voltou aos relvados j\u00e1 na segunda metade de outubro, depois de duas semanas de recupera\u00e7\u00e3o, algo que levou \u00e0 nova chamada de Luis de la Fuente no final da semana passada.<\/p>\n<blockquote class=\"wp-embedded-content\" data-secret=\"C7j3KeWsct\">\n<p><a href=\"https:\/\/observador.pt\/2025\/11\/11\/lamine-yamal-dispensado-da-selecao-espanhola-apos-procedimento-medico\/\" rel=\"nofollow noopener\" target=\"_blank\">Lamine Yamal dispensado da sele\u00e7\u00e3o espanhola ap\u00f3s procedimento m\u00e9dico<\/a><\/p>\n<\/blockquote>\n<p>Um m\u00eas depois,<strong> a hist\u00f3ria repetiu-se \u2014<\/strong> com a gravidade acrescida de n\u00e3o se tratar de uma les\u00e3o aparentemente inesperada, mas sim de um tratamento previamente agendado. Resta saber como \u00e9 que a utiliza\u00e7\u00e3o de Lamine Yamal por parte de Espanha ser\u00e1 gerida pelo Barcelona nos pr\u00f3ximos meses, tendo sempre como objetivo final um Mundial 2026 onde os espanh\u00f3is querem voltar a ser favoritos \u00e0 conquista do trof\u00e9u. At\u00e9 l\u00e1, o presidente de RFEF procurou colocar algum gelo no assunto.<\/p>\n<p>\u201cA primeira coisa que temos de fazer \u00e9 tomar conta do jogador. Existem algumas situa\u00e7\u00f5es que podem ser geridas de uma maneira melhor, \u00e0s vezes, mas a coisa mais importante \u00e9 mesmo cuidar do jogador. \u00c9 um jogador do clube e da sele\u00e7\u00e3o e \u00e9 muito importante para as duas entidades que ele recupere o mais depressa poss\u00edvel. <strong>N\u00e3o vamos alimentar qualquer controv\u00e9rsia.<\/strong> \u00c9 um grande jogador e o mais importante \u00e9 que recupere para que possamos t\u00ea-lo de volta tanto no clube como na sele\u00e7\u00e3o o mais depressa poss\u00edvel\u201d, defendeu Rafael Louz\u00e1n.<\/p>\n<p>            <script async src=\"https:\/\/platform.twitter.com\/widgets.js\" charset=\"utf-8\"><\/script><\/p>\n","protected":false},"excerpt":{"rendered":"\u00c9 o assunto que est\u00e1 a motivar capas de jornais no futebol espanhol e que parece n\u00e3o ter&hellip;\n","protected":false},"author":2,"featured_media":151403,"comment_status":"","ping_status":"","sticky":false,"template":"","format":"standard","meta":{"footnotes":""},"categories":[87],"tags":[135,640,445,1291,524,62,32,33,134],"class_list":{"0":"post-151402","1":"post","2":"type-post","3":"status-publish","4":"format-standard","5":"has-post-thumbnail","7":"category-desporto","8":"tag-desporto","9":"tag-espanha","10":"tag-europa","11":"tag-fc-barcelona","12":"tag-futebol","13":"tag-mundo","14":"tag-portugal","15":"tag-pt","16":"tag-sports"},"share_on_mastodon":{"url":"https:\/\/pubeurope.com\/@pt\/115546478534225920","error":""},"_links":{"self":[{"href":"https:\/\/www.europesays.com\/pt\/wp-json\/wp\/v2\/posts\/151402","targetHints":{"allow":["GET"]}}],"collection":[{"href":"https:\/\/www.europesays.com\/pt\/wp-json\/wp\/v2\/posts"}],"about":[{"href":"https:\/\/www.europesays.com\/pt\/wp-json\/wp\/v2\/types\/post"}],"author":[{"embeddable":true,"href":"https:\/\/www.europesays.com\/pt\/wp-json\/wp\/v2\/users\/2"}],"replies":[{"embeddable":true,"href":"https:\/\/www.europesays.com\/pt\/wp-json\/wp\/v2\/comments?post=151402"}],"version-history":[{"count":0,"href":"https:\/\/www.europesays.com\/pt\/wp-json\/wp\/v2\/posts\/151402\/revisions"}],"wp:featuredmedia":[{"embeddable":true,"href":"https:\/\/www.europesays.com\/pt\/wp-json\/wp\/v2\/media\/151403"}],"wp:attachment":[{"href":"https:\/\/www.europesays.com\/pt\/wp-json\/wp\/v2\/media?parent=151402"}],"wp:term":[{"taxonomy":"category","embeddable":true,"href":"https:\/\/www.europesays.com\/pt\/wp-json\/wp\/v2\/categories?post=151402"},{"taxonomy":"post_tag","embeddable":true,"href":"https:\/\/www.europesays.com\/pt\/wp-json\/wp\/v2\/tags?post=151402"}],"curies":[{"name":"wp","href":"https:\/\/api.w.org\/{rel}","templated":true}]}}