{"id":15141,"date":"2025-08-04T06:28:10","date_gmt":"2025-08-04T06:28:10","guid":{"rendered":"https:\/\/www.europesays.com\/pt\/15141\/"},"modified":"2025-08-04T06:28:10","modified_gmt":"2025-08-04T06:28:10","slug":"rosa-montero-faz-maratona-de-autografos-de-mais-de-4h-03-08-2025-ilustrada","status":"publish","type":"post","link":"https:\/\/www.europesays.com\/pt\/15141\/","title":{"rendered":"Rosa Montero faz maratona de aut\u00f3grafos de mais de 4h &#8211; 03\/08\/2025 &#8211; Ilustrada"},"content":{"rendered":"<p>J\u00e1 era madrugada de domingo quando a escritora espanhola <a href=\"https:\/\/www1.folha.uol.com.br\/ilustrada\/2025\/08\/rosa-montero-conta-na-flip-como-publicar-ficcao-salvou-a-sua-vida.shtml\" rel=\"nofollow noopener\" target=\"\">Rosa Montero<\/a> assinou o \u00faltimo exemplar da sess\u00e3o de aut\u00f3grafos que sucedeu sua mesa no programa principal da 23\u00aa Festa Liter\u00e1ria Internacional de <a href=\"https:\/\/www1.folha.uol.com.br\/folha-topicos\/paraty\/\" rel=\"nofollow noopener\" target=\"_blank\">Paraty<\/a>, encerrada horas mais tarde.<\/p>\n<p>Das 20h30 \u00e0 00h48, Montero autografou livros seus, como <a href=\"https:\/\/www1.folha.uol.com.br\/ilustrada\/2023\/12\/rosa-montero-faz-uma-autopsia-invertida-da-loucura-e-criatividade.shtml#:~:text=\" o=\"\" rel=\"nofollow noopener\" target=\"\">&#8220;O Perigo de Estar L\u00facida&#8221;<\/a>, <a href=\"https:\/\/www1.folha.uol.com.br\/ilustrada\/2025\/06\/crise-do-jornalismo-esta-ligada-a-da-democracia-diz-rosa-montero-que-ira-a-flip.shtml\" rel=\"nofollow noopener\" target=\"\">&#8220;A Louca da Casa&#8221;<\/a> e <a href=\"https:\/\/www1.folha.uol.com.br\/ilustrada\/2019\/05\/rosa-montero-investiga-a-morte-com-leveza-em-livro-sobre-marie-curie.shtml\" rel=\"nofollow noopener\" target=\"\">&#8220;A Rid\u00edcula Ideia de N\u00e3o Te Perder&#8221;<\/a>, todos lan\u00e7ados no Brasil pela Todavia, para uma multid\u00e3o que formou fila e serpentou a perder de vista.<\/p>\n<p>Rosa tamb\u00e9m n\u00e3o quis limitar a quantidade de <a href=\"https:\/\/www1.folha.uol.com.br\/ilustrada\/livros\/\" rel=\"nofollow noopener\" target=\"\">livros<\/a> autografados por pessoa, e as dedicat\u00f3rias se multiplicaram. Houve quem chegasse a ela com tr\u00eas ou quatro volumes.<\/p>\n<p>&#8220;Se tem uma coisa que me angustia \u00e9 que haja gente que queira que eu autografe seus livros, e eu n\u00e3o poder&#8221;, disse ela \u00e0 <strong>Folha<\/strong> ao deixar a livraria da <a href=\"https:\/\/www1.folha.uol.com.br\/folha-topicos\/flip\/\" rel=\"nofollow noopener\" target=\"_blank\">Flip<\/a>, na pra\u00e7a da Matriz.<\/p>\n<p>Montero autografou todos. Tirou <a href=\"https:\/\/fotografia.folha.uol.com.br\/\" rel=\"nofollow noopener\" target=\"\">fotos<\/a> com quem pediu. Emocionou-se com leitoras emocionadas. E repetiu o mesmo ritual a cada pessoa: livro nas m\u00e3os, olhos nos olhos, perguntava para quem era o aut\u00f3grafo, apesar de haver um papel com um nome dentro de cada exemplar, como \u00e9 de praxe em lan\u00e7amentos de livros. A autora ouvia atenta \u00e0 hist\u00f3ria por tr\u00e1s de cada nome de cada papelzinho.<\/p>\n<p>A not\u00edcia correu a longa fila e teve gente que sacou o celular para traduzir sua explica\u00e7\u00e3o para o espanhol.<br \/>&#13;<br \/>\nMontero decorou cada dedicat\u00f3ria com adesivos de brilhos e de desenhos mi\u00fados de bichinhos que sempre traz consigo. Distribuiu ainda miniaturas de peixinhos, dinossauros e patinhos a cada leitor, que carrega em uma necessaire.<\/p>\n<p>Ao longo de quatro horas e 18 minutos, Montero n\u00e3o se saiu da mesa na livraria da Flip, na pra\u00e7a da Matriz, nem sequer quis ir ao banheiro. Beliscou biscoitos e frutas sem fazer pausas nem desviar a aten\u00e7\u00e3o, tateando as bandejas colocadas ao seu lado.<\/p>\n<p>    Tudo a Ler<\/p>\n<p class=\"c-newsletter__subtitle\">Receba no seu email uma sele\u00e7\u00e3o com lan\u00e7amentos, cl\u00e1ssicos e curiosidades liter\u00e1rias<\/p>\n<p>Ao final do \u00faltimo aut\u00f3grafo, foi aplaudida por um grupo de leitoras que deram gritinhos e receberam um beijo soprado da autora.<\/p>\n<p>Na sa\u00edda, a <strong>Folha<\/strong> quis saber se n\u00e3o lhe do\u00edam as m\u00e3os depois de assinar tantos livros. &#8220;Pode ser. Mas me doeria mais a alma se eu n\u00e3o assinasse todos.&#8221;<\/p>\n","protected":false},"excerpt":{"rendered":"J\u00e1 era madrugada de domingo quando a escritora espanhola Rosa Montero assinou o \u00faltimo exemplar da sess\u00e3o de&hellip;\n","protected":false},"author":2,"featured_media":15142,"comment_status":"","ping_status":"","sticky":false,"template":"","format":"standard","meta":{"footnotes":""},"categories":[145],"tags":[5323,211,210,114,115,3875,236,1428,864,170,2082,32,33],"class_list":{"0":"post-15141","1":"post","2":"type-post","3":"status-publish","4":"format-standard","5":"has-post-thumbnail","7":"category-celebridades","8":"tag-casa-folha-flip","9":"tag-celebridades","10":"tag-celebrities","11":"tag-entertainment","12":"tag-entretenimento","13":"tag-flip","14":"tag-folha","15":"tag-jornalismo","16":"tag-literatura","17":"tag-livros","18":"tag-paraty","19":"tag-portugal","20":"tag-pt"},"share_on_mastodon":{"url":"","error":""},"_links":{"self":[{"href":"https:\/\/www.europesays.com\/pt\/wp-json\/wp\/v2\/posts\/15141","targetHints":{"allow":["GET"]}}],"collection":[{"href":"https:\/\/www.europesays.com\/pt\/wp-json\/wp\/v2\/posts"}],"about":[{"href":"https:\/\/www.europesays.com\/pt\/wp-json\/wp\/v2\/types\/post"}],"author":[{"embeddable":true,"href":"https:\/\/www.europesays.com\/pt\/wp-json\/wp\/v2\/users\/2"}],"replies":[{"embeddable":true,"href":"https:\/\/www.europesays.com\/pt\/wp-json\/wp\/v2\/comments?post=15141"}],"version-history":[{"count":0,"href":"https:\/\/www.europesays.com\/pt\/wp-json\/wp\/v2\/posts\/15141\/revisions"}],"wp:featuredmedia":[{"embeddable":true,"href":"https:\/\/www.europesays.com\/pt\/wp-json\/wp\/v2\/media\/15142"}],"wp:attachment":[{"href":"https:\/\/www.europesays.com\/pt\/wp-json\/wp\/v2\/media?parent=15141"}],"wp:term":[{"taxonomy":"category","embeddable":true,"href":"https:\/\/www.europesays.com\/pt\/wp-json\/wp\/v2\/categories?post=15141"},{"taxonomy":"post_tag","embeddable":true,"href":"https:\/\/www.europesays.com\/pt\/wp-json\/wp\/v2\/tags?post=15141"}],"curies":[{"name":"wp","href":"https:\/\/api.w.org\/{rel}","templated":true}]}}