{"id":151410,"date":"2025-11-14T06:07:10","date_gmt":"2025-11-14T06:07:10","guid":{"rendered":"https:\/\/www.europesays.com\/pt\/151410\/"},"modified":"2025-11-14T06:07:10","modified_gmt":"2025-11-14T06:07:10","slug":"amigo-de-triplo-homicida-diz-que-fugiu-da-barbearia-para-nao-ser-o-proximo-a-morrer","status":"publish","type":"post","link":"https:\/\/www.europesays.com\/pt\/151410\/","title":{"rendered":"Amigo de triplo homicida diz que fugiu da barbearia para &#8220;n\u00e3o ser o pr\u00f3ximo a morrer&#8221;"},"content":{"rendered":"<p data-remotead-prev-elm=\"true\" data-remotead-elm-id=\"inread\">No julgamento, que arrancou hoje, em Lisboa, a testemunha disse que entrou na barbearia com o Fernando Silva, o arguido, depois de o ir buscar a um restaurante, perto de Saldanha. &#8220;Cumprimentei o Pina e o F\u00e1bio, seu colega, e assim que virei as costas para sair, ouvi um disparo. Vi o Pina cair e fugi para n\u00e3o ser o pr\u00f3ximo a morrer&#8221;, relatou Hugo Pereira, que disse que Fernando Silva era como se fosse seu &#8220;irm\u00e3o&#8221;, sofria de esquizofrenia e teve um surto nesse dia.<\/p>\n<p>Hugo Pereira contou que, minutos antes dos crimes, a mulher de F\u00e1bio telefonou-lhe para os irem buscar perto da Maternidade Alfredo da Costa, onde Fernando Silva estaria a provocar desacatos num restaurante. &#8220;Vivia com eles e fui com o pai do Fernando. Ele devia ter tido um epis\u00f3dio esquizofr\u00e9nico no restaurante, j\u00e1 estava calmo e, no percurso para casa, disse que queria ir cortar o cabelo ao Pina. Na barbearia Ganda Pente, entr\u00e1mos os dois e logo aconteceu o crime. Eu fugi logo para n\u00e3o ser o pr\u00f3ximo a morrer&#8221;, insistiu.<\/p>\n<p>A acusa\u00e7\u00e3o descreve que Fernando Silva pediu para cortar o cabelo e, perante a recusa de Carlos Pina, matou-o a ele e a um casal que se encontrava no exterior. Hugo Pereira desmentiu esta vers\u00e3o, garantindo que n\u00e3o ouviu nenhuma troca de palavras.<\/p>\n<p data-remotead-prev-elm=\"true\" data-remotead-elm-id=\"centro1\">&#8220;Eu tinha medo de ser o pr\u00f3ximo a morrer porque ele sofre de esquizofrenia desde h\u00e1 cinco anos e j\u00e1 me atirou com um cutelo. Se n\u00e3o me desviasse, matava-me&#8221;, recordou a testemunha.<\/p>\n<p>A acusa\u00e7\u00e3o tamb\u00e9m descreve que Hugo Pereira fugiu com Fernando Silva e o seu pai ap\u00f3s o crime. &#8220;\u00c9 mentira&#8221;, disse a testemunha. &#8220;Eu fugi a p\u00e9 com o rapaz que cortava o cabelo e depois tive que me ausentar do bairro durante uns meses com medo de repres\u00e1lias porque era amigo da fam\u00edlia de Fernando&#8221;.<\/p>\n<p>Hugo Pereira disse ainda que toda a fam\u00edlia de Fernando Silva sofria com a doen\u00e7a deste, que lhe foi diagnosticada h\u00e1 cinco anos, quando ele tinha 28. &#8220;No in\u00edcio tivemos que recorrer a um advogado para insistir, no delegado de sa\u00fade, para o internar. Corr\u00edamos perigo em casa e ele teve cinco internamentos no Hospital Julio de Matos. Chegou a tentar matar-se ao atirar-se da varanda de casa&#8221;.<\/p>\n<p>A testemunha disse que, nos \u00faltimos anos, Fernando Silva era medicado e, quando deixava de tomar a medica\u00e7\u00e3o, tornava-se um perigo para si e para os outros.<\/p>\n","protected":false},"excerpt":{"rendered":"No julgamento, que arrancou hoje, em Lisboa, a testemunha disse que entrou na barbearia com o Fernando Silva,&hellip;\n","protected":false},"author":2,"featured_media":151411,"comment_status":"","ping_status":"","sticky":false,"template":"","format":"standard","meta":{"footnotes":""},"categories":[10],"tags":[32839,27,28,604,15,16,14,5564,603,25,26,21,22,12,13,19,20,32,23,24,33,17,18,29,30,31],"class_list":{"0":"post-151410","1":"post","2":"type-post","3":"status-publish","4":"format-standard","5":"has-post-thumbnail","7":"category-portugal","8":"tag-barbearia","9":"tag-breaking-news","10":"tag-breakingnews","11":"tag-crime","12":"tag-featured-news","13":"tag-featurednews","14":"tag-headlines","15":"tag-homicidio","16":"tag-justica","17":"tag-latest-news","18":"tag-latestnews","19":"tag-main-news","20":"tag-mainnews","21":"tag-news","22":"tag-noticias","23":"tag-noticias-principais","24":"tag-noticiasprincipais","25":"tag-portugal","26":"tag-principais-noticias","27":"tag-principaisnoticias","28":"tag-pt","29":"tag-top-stories","30":"tag-topstories","31":"tag-ultimas","32":"tag-ultimas-noticias","33":"tag-ultimasnoticias"},"share_on_mastodon":{"url":"https:\/\/pubeurope.com\/@pt\/115546557159518685","error":""},"_links":{"self":[{"href":"https:\/\/www.europesays.com\/pt\/wp-json\/wp\/v2\/posts\/151410","targetHints":{"allow":["GET"]}}],"collection":[{"href":"https:\/\/www.europesays.com\/pt\/wp-json\/wp\/v2\/posts"}],"about":[{"href":"https:\/\/www.europesays.com\/pt\/wp-json\/wp\/v2\/types\/post"}],"author":[{"embeddable":true,"href":"https:\/\/www.europesays.com\/pt\/wp-json\/wp\/v2\/users\/2"}],"replies":[{"embeddable":true,"href":"https:\/\/www.europesays.com\/pt\/wp-json\/wp\/v2\/comments?post=151410"}],"version-history":[{"count":0,"href":"https:\/\/www.europesays.com\/pt\/wp-json\/wp\/v2\/posts\/151410\/revisions"}],"wp:featuredmedia":[{"embeddable":true,"href":"https:\/\/www.europesays.com\/pt\/wp-json\/wp\/v2\/media\/151411"}],"wp:attachment":[{"href":"https:\/\/www.europesays.com\/pt\/wp-json\/wp\/v2\/media?parent=151410"}],"wp:term":[{"taxonomy":"category","embeddable":true,"href":"https:\/\/www.europesays.com\/pt\/wp-json\/wp\/v2\/categories?post=151410"},{"taxonomy":"post_tag","embeddable":true,"href":"https:\/\/www.europesays.com\/pt\/wp-json\/wp\/v2\/tags?post=151410"}],"curies":[{"name":"wp","href":"https:\/\/api.w.org\/{rel}","templated":true}]}}