{"id":151424,"date":"2025-11-14T06:37:09","date_gmt":"2025-11-14T06:37:09","guid":{"rendered":"https:\/\/www.europesays.com\/pt\/151424\/"},"modified":"2025-11-14T06:37:09","modified_gmt":"2025-11-14T06:37:09","slug":"poliana-rocha-aposta-em-look-ousado-na-comemoracao-do-seu-aniversario","status":"publish","type":"post","link":"https:\/\/www.europesays.com\/pt\/151424\/","title":{"rendered":"Poliana Rocha aposta em look ousado na comemora\u00e7\u00e3o do seu anivers\u00e1rio"},"content":{"rendered":"<p><a href=\"https:\/\/caras.com.br\/tags\/poliana-rocha\" target=\"_blank\" rel=\"noopener nofollow\"><strong>Poliana Rocha<\/strong><\/a> usou as redes sociais para comemorar seu anivers\u00e1rio. A influenciadora digital completou 49 anos nesta quinta-feira, 13, e celebrou a data especial com um ensaio fotogr\u00e1fico.<\/p>\n<p>Em seu perfil oficial, a mulher do cantor sertanejo <strong>Leonardo<\/strong> compartilhou alguns cliques em que aparece usando um look deslumbrante. Para o novo ciclo, ela optou por um vestido longo vermelho, com um decote ousado. Ela complementou a produ\u00e7\u00e3o com um colar, uma maquiagem marcante, al\u00e9m de deixar o cabelo solto.<\/p>\n<p>Poliana tamb\u00e9m posou com um bolo de anivers\u00e1rio todo branco, de quatro andares, e decorado com cerejas. \u201cGratid\u00e3o por compartilhar mais um ano de vida cheio de luz, amor, fam\u00edlia, f\u00e9 e celebra\u00e7\u00e3o\u201d, escreveu a famosa na legenda da publica\u00e7\u00e3o.<\/p>\n<p>O post recebeu v\u00e1rias mensagens de felicita\u00e7\u00f5es.\u00a0\u201cQue maravilhosa. Parab\u00e9ns lindona. Muitas ben\u00e7\u00e3os pra voc\u00ea\u201d, disse a apresentadora\u00a0<strong>Daniela Albuquerque<\/strong>.\u00a0\u201cParab\u00e9ns, maravilhosa! Jesus te aben\u00e7oe sempre!\u201d, escreveu uma seguidora.\u00a0\u201cParab\u00e9ns, sua linda\u201d, comentou outra.\u00a0\u201cQue linda! Parab\u00e9ns, Poli\u201d, falou uma f\u00e3.<\/p>\n<p>Durante a madrugada, Poliana compartilhou um Stories mostrando que <a href=\"https:\/\/caras.com.br\/atualidades\/poliana-rocha-acorda-de-madrugada-em-seu-aniversario-e-revela-motivo-por-minha-vida.phtml\" target=\"_blank\" rel=\"noopener nofollow\">levantou \u00e0s 3h da manh\u00e3<\/a> no dia do seu anivers\u00e1rio por um motivo muito especial. \u201cEm ora\u00e7\u00e3o por minha vida\u201d, escreveu a aniversariante.<\/p>\n<blockquote class=\"instagram-media\" style=\"background: #FFF; border: 0; border-radius: 3px; box-shadow: 0 0 1px 0 rgba(0,0,0,0.5),0 1px 10px 0 rgba(0,0,0,0.15); margin: 1px; max-width: 540px; min-width: 326px; padding: 0; width: calc(100% - 2px);\" data-instgrm-permalink=\"https:\/\/www.instagram.com\/p\/DRBEp3hEZ4l\/?utm_source=ig_embed&amp;utm_campaign=loading\" data-instgrm-version=\"14\"><\/blockquote>\n<p>  Homenagens de anivers\u00e1rio <\/p>\n<p>Ao longo do dia, Poliana Rocha recebeu mensagens de felicita\u00e7\u00f5es de seus familiares e amigos. Uma das pessoas que lembrou do anivers\u00e1rio da influenciadora digital foi <strong>Margareth Serr\u00e3o<\/strong>, m\u00e3e de <strong>Virginia Fonseca<\/strong>, sua ex-nora. \u201cParab\u00e9ns e feliz anivers\u00e1rio, maravilhosa! Que Deus continue te aben\u00e7oando grandemente! Muita sa\u00fade, amor, paz, felicidade, sabedoria e sucesso te desejo hoje e sempre\u201d, escreveu ela ao <a href=\"https:\/\/caras.com.br\/datas-especiais\/mae-de-virginia-fonseca-chama-atencao-ao-comemorar-o-aniversario-de-poliana-rocha.phtml\" target=\"_blank\" rel=\"noopener nofollow\">postar uma foto da aniversariante<\/a> nos Stories.<\/p>\n<p><a href=\"https:\/\/caras.com.br\/datas-especiais\/ze-felipe-abre-o-coracao-no-aniversario-da-mae-poliana-rocha-obrigado-por-tudo.phtml\" target=\"_blank\" rel=\"noopener nofollow\">Z\u00e9 Felipe tamb\u00e9m fez quest\u00e3o de parabenizar a m\u00e3e na web<\/a>. O cantor postou duas fotos ao lado da aniversariante e recordou uma em que ele aparece crian\u00e7a, com um cora\u00e7\u00e3o colocado na camiseta escrito \u2018m\u00e3e\u2019, e escreveu uma bela homenagem.\u00a0\u201cM\u00e3e, parab\u00e9ns pelo seu dia. Deus aben\u00e7oe sua vida. Muita sa\u00fade e alegrias! Obrigado por tudo que faz nossa fam\u00edlia. Te amo\u201d, declarou.<\/p>\n<p>Depois foi a vez de <a href=\"https:\/\/caras.com.br\/datas-especiais\/leonardo-impressiona-com-declaracao-no-aniversario-de-poliana-rocha.phtml\" target=\"_blank\" rel=\"noopener nofollow\">Leonardo homenagear a esposa<\/a>. O cantor sertanejo\u00a0compartilhou algumas fotos recentes com Poliana e tamb\u00e9m recordou uma foto dos dois com Z\u00e9 Felipe ainda crian\u00e7a, e escreveu uma mensagem de felicita\u00e7\u00e3o.\u00a0\u201cMeu amor, Poliana, parab\u00e9ns! Sou um cara aben\u00e7oado por ter voc\u00ea ao meu lado h\u00e1 tantos anos. Te amo, minha gata! Que nunca te falte sa\u00fade, paz e alegria. Deus te aben\u00e7oe sempre\u201d, disse o artista,<\/p>\n<p><strong>Leia tamb\u00e9m:<\/strong> <a href=\"https:\/\/caras.com.br\/atualidades\/poliana-rocha-fala-sobre-decisao-de-trabalhar-na-empresa-de-leonardo-assumi.phtml\" target=\"_blank\" rel=\"noopener nofollow\">Poliana Rocha fala sobre decis\u00e3o de trabalhar na empresa de Leonardo: \u2018Assumi\u2019<\/a><\/p>\n<p>        <a href=\"https:\/\/caras.com.br\/autor\/daniela-santos\" rel=\"nofollow noopener\" target=\"_blank\">&#13;<br \/>\n          <img loading=\"lazy\" decoding=\"async\" alt=\"Daniela Santos\" src=\"https:\/\/www.europesays.com\/pt\/wp-content\/uploads\/2025\/09\/1758949148_187_daniela-santos_sqmd.jpg\" class=\"avatar avatar-115 photo rounded-circle\" height=\"115\" width=\"115\"\/>        <\/a><\/p>\n<p><b>Daniela Santos<\/b> \u00e9 rep\u00f3rter do site CARAS. Formada em jornalismo pela FIAM FAAM, atua na \u00e1rea de celebridades e TV desde 2018<\/p>\n<p>\t                                            <script async src=\"\/\/www.instagram.com\/embed.js\"><\/script><\/p>\n","protected":false},"excerpt":{"rendered":"Poliana Rocha usou as redes sociais para comemorar seu anivers\u00e1rio. A influenciadora digital completou 49 anos nesta quinta-feira,&hellip;\n","protected":false},"author":2,"featured_media":151425,"comment_status":"","ping_status":"","sticky":false,"template":"","format":"standard","meta":{"footnotes":""},"categories":[145],"tags":[996,211,210,9022,114,115,4319,5548,32,33],"class_list":{"0":"post-151424","1":"post","2":"type-post","3":"status-publish","4":"format-standard","5":"has-post-thumbnail","7":"category-celebridades","8":"tag-aniversario","9":"tag-celebridades","10":"tag-celebrities","11":"tag-comemoracao","12":"tag-entertainment","13":"tag-entretenimento","14":"tag-look","15":"tag-poliana-rocha","16":"tag-portugal","17":"tag-pt"},"share_on_mastodon":{"url":"https:\/\/pubeurope.com\/@pt\/115546675333208598","error":""},"_links":{"self":[{"href":"https:\/\/www.europesays.com\/pt\/wp-json\/wp\/v2\/posts\/151424","targetHints":{"allow":["GET"]}}],"collection":[{"href":"https:\/\/www.europesays.com\/pt\/wp-json\/wp\/v2\/posts"}],"about":[{"href":"https:\/\/www.europesays.com\/pt\/wp-json\/wp\/v2\/types\/post"}],"author":[{"embeddable":true,"href":"https:\/\/www.europesays.com\/pt\/wp-json\/wp\/v2\/users\/2"}],"replies":[{"embeddable":true,"href":"https:\/\/www.europesays.com\/pt\/wp-json\/wp\/v2\/comments?post=151424"}],"version-history":[{"count":0,"href":"https:\/\/www.europesays.com\/pt\/wp-json\/wp\/v2\/posts\/151424\/revisions"}],"wp:featuredmedia":[{"embeddable":true,"href":"https:\/\/www.europesays.com\/pt\/wp-json\/wp\/v2\/media\/151425"}],"wp:attachment":[{"href":"https:\/\/www.europesays.com\/pt\/wp-json\/wp\/v2\/media?parent=151424"}],"wp:term":[{"taxonomy":"category","embeddable":true,"href":"https:\/\/www.europesays.com\/pt\/wp-json\/wp\/v2\/categories?post=151424"},{"taxonomy":"post_tag","embeddable":true,"href":"https:\/\/www.europesays.com\/pt\/wp-json\/wp\/v2\/tags?post=151424"}],"curies":[{"name":"wp","href":"https:\/\/api.w.org\/{rel}","templated":true}]}}