{"id":151426,"date":"2025-11-14T06:40:44","date_gmt":"2025-11-14T06:40:44","guid":{"rendered":"https:\/\/www.europesays.com\/pt\/151426\/"},"modified":"2025-11-14T06:40:44","modified_gmt":"2025-11-14T06:40:44","slug":"desde-que-nao-se-veja-nada-e-normal","status":"publish","type":"post","link":"https:\/\/www.europesays.com\/pt\/151426\/","title":{"rendered":"\u201cDesde que n\u00e3o se veja nada. \u00c9 normal\u201d"},"content":{"rendered":"<p>Liliana e F\u00e1bio consumam rela\u00e7\u00e3o no Secret Story 9: \u201cDesde que n\u00e3o se veja nada. \u00c9 normal\u201d, assinalou ele.<\/p>\n<p>Concorrentes assumem intimidade e rea\u00e7\u00e3o gera debate entre os colegas da casa<\/p>\n<p>O clima entre <strong>Liliana<\/strong> e <strong>F\u00e1bio<\/strong> atingiu um novo patamar dentro da casa do Secret Story 9. Depois de v\u00e1rias semanas de aproxima\u00e7\u00e3o, os dois concorrentes <strong>consumaram a rela\u00e7\u00e3o<\/strong> e acabaram por confirmar o momento numa conversa matinal, esta quarta-feira, 12 de novembro.<\/p>\n<p>\u201cJ\u00e1 era de esperar\u201d<\/p>\n<p>Durante o di\u00e1logo, Liliana acabou por revelar com naturalidade o que aconteceu entre ambos.<br \/><strong>\u201cJ\u00e1 era de esperar\u201d<\/strong>, afirmou a concorrente de Lousada, sem esconder o sorriso.<\/p>\n<p>De imediato, <strong>F\u00e1bio<\/strong> reagiu com uma pergunta sobre o impacto da situa\u00e7\u00e3o fora da casa:<br \/><strong>\u201cAchas que a tua m\u00e3e ficou triste? Acho que n\u00e3o.\u201d<\/strong><\/p>\n<p>Liliana mostrou alguma hesita\u00e7\u00e3o, mas respondeu de forma tranquila:<br \/><strong>\u201cEstou a tentar n\u00e3o pensar nisso. Tamb\u00e9m vai ficar triste de qu\u00ea?\u201d<\/strong><\/p>\n<p>\u201cAt\u00e9 os animaizinhos fazem\u201d<\/p>\n<p>Na mesma conversa, F\u00e1bio defendeu que o momento vivido entre ambos foi natural e sem exageros.<br \/><strong>\u201cPois, \u00e9 uma coisa normal. Desde que n\u00e3o fa\u00e7amos maluquices, desde que haja ju\u00edzo. At\u00e9 os animaizinhos fazem.\u201d<\/strong><\/p>\n<p>Liliana concordou com o parceiro, mas destacou que a exposi\u00e7\u00e3o televisiva a deixava um pouco desconfort\u00e1vel.<br \/><strong>\u201cDesde que n\u00e3o se veja nada. \u00c9 normal\u201d<\/strong>, afirmou, antes de admitir:<br \/><strong>\u201c\u00c9 s\u00f3 o facto de estar na televis\u00e3o.\u201d<\/strong><\/p>\n<p>Veja este momento <a href=\"https:\/\/tvi.iol.pt\/secretstory\/videos\/fabio-preocupado-apos-intimidade-com-liliana-achas-que-a-tua-mae-ficou-triste\/691486600cf28fe43048624d\" rel=\"nofollow noopener\" target=\"_blank\">AQUI<\/a>.<\/p>\n<p><a href=\"https:\/\/news.google.com\/publications\/CAAqBwgKMKfIoAswtNK4Aw\" target=\"_blank\" rel=\"noopener noreferrer nofollow\"><img loading=\"lazy\" data-lazyloaded=\"1\" width=\"481\" height=\"161\" decoding=\"async\" src=\"\/wp-content\/uploads\/2024\/02\/GN_siganos.png\" alt=\"Siga-nos no Google News\" style=\"margin-top:20px;\"\/><\/a><\/p>\n","protected":false},"excerpt":{"rendered":"Liliana e F\u00e1bio consumam rela\u00e7\u00e3o no Secret Story 9: \u201cDesde que n\u00e3o se veja nada. \u00c9 normal\u201d, assinalou&hellip;\n","protected":false},"author":2,"featured_media":111034,"comment_status":"","ping_status":"","sticky":false,"template":"","format":"standard","meta":{"footnotes":""},"categories":[142],"tags":[2632,114,115,24883,32,33,151],"class_list":{"0":"post-151426","1":"post","2":"type-post","3":"status-publish","4":"format-standard","5":"has-post-thumbnail","7":"category-tv","8":"tag-casa-dos-segredos","9":"tag-entertainment","10":"tag-entretenimento","11":"tag-liliana-oliveira","12":"tag-portugal","13":"tag-pt","14":"tag-tv"},"share_on_mastodon":{"url":"https:\/\/pubeurope.com\/@pt\/115546687120916988","error":""},"_links":{"self":[{"href":"https:\/\/www.europesays.com\/pt\/wp-json\/wp\/v2\/posts\/151426","targetHints":{"allow":["GET"]}}],"collection":[{"href":"https:\/\/www.europesays.com\/pt\/wp-json\/wp\/v2\/posts"}],"about":[{"href":"https:\/\/www.europesays.com\/pt\/wp-json\/wp\/v2\/types\/post"}],"author":[{"embeddable":true,"href":"https:\/\/www.europesays.com\/pt\/wp-json\/wp\/v2\/users\/2"}],"replies":[{"embeddable":true,"href":"https:\/\/www.europesays.com\/pt\/wp-json\/wp\/v2\/comments?post=151426"}],"version-history":[{"count":0,"href":"https:\/\/www.europesays.com\/pt\/wp-json\/wp\/v2\/posts\/151426\/revisions"}],"wp:featuredmedia":[{"embeddable":true,"href":"https:\/\/www.europesays.com\/pt\/wp-json\/wp\/v2\/media\/111034"}],"wp:attachment":[{"href":"https:\/\/www.europesays.com\/pt\/wp-json\/wp\/v2\/media?parent=151426"}],"wp:term":[{"taxonomy":"category","embeddable":true,"href":"https:\/\/www.europesays.com\/pt\/wp-json\/wp\/v2\/categories?post=151426"},{"taxonomy":"post_tag","embeddable":true,"href":"https:\/\/www.europesays.com\/pt\/wp-json\/wp\/v2\/tags?post=151426"}],"curies":[{"name":"wp","href":"https:\/\/api.w.org\/{rel}","templated":true}]}}