{"id":151433,"date":"2025-11-14T06:57:21","date_gmt":"2025-11-14T06:57:21","guid":{"rendered":"https:\/\/www.europesays.com\/pt\/151433\/"},"modified":"2025-11-14T06:57:21","modified_gmt":"2025-11-14T06:57:21","slug":"f1-resposta-de-jenson-button-as-declaracoes-de-john-elkann-elogiada-por-adeptos","status":"publish","type":"post","link":"https:\/\/www.europesays.com\/pt\/151433\/","title":{"rendered":"F1: Resposta de Jenson Button \u00e0s declara\u00e7\u00f5es de John Elkann elogiada por adeptos"},"content":{"rendered":"<p>\t\t\t<a href=\"https:\/\/www.autosport.pt\" rel=\"nofollow noopener\" target=\"_blank\">Home<\/a>  \u00a0 &gt; \u00a0  <a href=\"https:\/\/www.autosport.pt\/cat\/formula1\/\" rel=\"nofollow noopener\" target=\"_blank\">F\u00d3RMULA 1<\/a>  \u00a0 &gt; \u00a0  <a href=\"https:\/\/www.autosport.pt\/cat\/formula1\/f1\/\" rel=\"nofollow noopener\" target=\"_blank\">F1<\/a>  \u00a0 &gt; \u00a0  F1: Resposta de Jenson Button \u00e0s declara\u00e7\u00f5es de John Elkann elogiada por adeptos<\/p>\n<p>\t\t\t\tPor <a href=\"https:\/\/www.autosport.pt\/author\/fmendes\/\" title=\"Artigos de F\u00e1bio Mendes\" rel=\"author nofollow noopener\" target=\"_blank\">F\u00e1bio Mendes<\/a> a 12 Novembro 2025 09:53<\/p>\n<p>\t\t\t\t\t<img width=\"868\" height=\"579\" data-lazy-type=\"image\" src=\"https:\/\/www.europesays.com\/pt\/wp-content\/uploads\/2025\/11\/mpsa-f125-sgp-ph1-3008-868x579.jpg\" class=\"lazy lazy-hidden attachment-single-img size-single-img wp-post-image\" alt=\"\" decoding=\"async\" fetchpriority=\"high\"  \/>\t\t\t\t<\/p>\n<p>As declara\u00e7\u00f5es do presidente da Ferrari, John Elkann, ap\u00f3s o Grande Pr\u00e9mio de S\u00e3o Paulo, geraram forte pol\u00e9mica no mundo da F\u00f3rmula 1. O dirigente italiano criticou publicamente os seus pilotos, Lewis Hamilton e Charles Leclerc, ap\u00f3s a desastrosa dupla desist\u00eancia da equipa em Interlagos, o que levou a Ferrari a cair para o quarto lugar no Campeonato de Construtores.<\/p>\n<p>Elkann afirmou que os pilotos \u201cdevem concentrar-se em conduzir e falar menos\u201d, destacando que mec\u00e2nicos e engenheiros t\u00eam feito o seu trabalho, mas que \u201co resto n\u00e3o est\u00e1 \u00e0 altura\u201d. O presidente sublinhou ainda que o segundo lugar no campeonato \u201cn\u00e3o \u00e9 imposs\u00edvel\u201d e apelou \u00e0 uni\u00e3o da equipa, recordando o sucesso da Ferrari no Campeonato do Mundo de Resist\u00eancia.<\/p>\n<blockquote class=\"twitter-tweet\">\n<p lang=\"en\" dir=\"ltr\">Ready to give it everything for the final three rounds \ud83d\udc4a <a href=\"https:\/\/t.co\/RHejxeIgxP\" rel=\"nofollow\">pic.twitter.com\/RHejxeIgxP<\/a><\/p>\n<p>\u2014 Scuderia Ferrari HP (@ScuderiaFerrari) <a href=\"https:\/\/twitter.com\/ScuderiaFerrari\/status\/1988288065249726950?ref_src=twsrc%5Etfw\" rel=\"nofollow noopener\" target=\"_blank\">November 11, 2025<\/a><\/p>\n<\/blockquote>\n<p>As cr\u00edticas ter\u00e3o surgido ap\u00f3s Hamilton classificar a sua primeira \u00e9poca na Ferrari como \u201cum pesadelo\u201d, rea\u00e7\u00e3o que, a par das declara\u00e7\u00f5es de Leclerc, alimentou tens\u00f5es internas. As palavras de Elkann, interpretadas como um pux\u00e3o de orelhas \u00e0 dupla de pilotos, provocaram rea\u00e7\u00f5es negativas entre adeptos e antigos pilotos.<\/p>\n<p>O ex-campe\u00e3o do mundo Jenson Button respondeu de forma direta atrav\u00e9s das redes sociais: \u201cTalvez o John devesse dar o exemplo.\u201d A cr\u00edtica de Button recebeu grande apoio por parte dos f\u00e3s, que elogiaram a sua franqueza e questionaram a postura p\u00fablica do presidente da Ferrari. Um dos coment\u00e1rios mais destacados resume o sentimento geral: \u201cExatamente isto\u2026 que falta de profissionalismo. Diz muito sobre a cultura daquela equipa.\u201d<\/p>\n<p>\t\t\tCaro leitor, esta \u00e9 uma mensagem importante.<br \/>\n                        O Autosport j\u00e1 n\u00e3o existe em vers\u00e3o papel, apenas na vers\u00e3o online.<br \/>\n                        E por essa raz\u00e3o, n\u00e3o \u00e9 mais poss\u00edvel o Autosport continuar a disponibilizar todos os seus artigos gratuitamente.<br \/>\n                        Para que os leitores possam contribuir para a exist\u00eancia e evolu\u00e7\u00e3o da qualidade do seu site preferido, cri\u00e1mos o Clube Autosport com in\u00fameras vantagens e descontos que permitir\u00e1 a cada membro aceder a todos os artigos do site Autosport e ainda recuperar (varias vezes) o custo de ser membro.<br \/>\nOs membros do Clube Autosport receber\u00e3o um cart\u00e3o de membro com validade de 1 ano, que apresentar\u00e3o junto das empresas parceiras como identifica\u00e7\u00e3o.<br \/>\nLista de Vantagens:<br \/>\n-Acesso a todos os conte\u00fados no site Autosport sem ter que ver a publicidade<br \/>\n-Desconto nos combust\u00edveis Repsol <br \/>\n-Acesso a seguros especialmente desenvolvidos pela Vitorinos seguros a pre\u00e7os imbat\u00edveis<br \/>\n-Descontos em oficinas, lojas e servi\u00e7os auto<br \/>\n-Acesso exclusivo a eventos especialmente organizados para membros<br \/>\n<a style=\"color:#e30713; font-weight: bold;\" href=\"https:\/\/www.clubeautosport.pt\/faca-se-membro\/\" target=\"_blank\" rel=\"nofollow noopener\">Saiba mais AQUI<\/a><\/p>\n<p>&#13;<br \/>\n                        Continuar a ler&#13;\n                <\/p>\n<p>\t<script async src=\"https:\/\/platform.twitter.com\/widgets.js\" charset=\"utf-8\"><\/script><\/p>\n","protected":false},"excerpt":{"rendered":"Home \u00a0 &gt; \u00a0 F\u00d3RMULA 1 \u00a0 &gt; \u00a0 F1 \u00a0 &gt; \u00a0 F1: Resposta de Jenson Button&hellip;\n","protected":false},"author":2,"featured_media":151434,"comment_status":"","ping_status":"","sticky":false,"template":"","format":"standard","meta":{"footnotes":""},"categories":[87],"tags":[135,970,971,32840,32113,718,32,33,134],"class_list":{"0":"post-151433","1":"post","2":"type-post","3":"status-publish","4":"format-standard","5":"has-post-thumbnail","7":"category-desporto","8":"tag-desporto","9":"tag-f1","10":"tag-formula-1","11":"tag-jenson-button","12":"tag-john-elkann","13":"tag-newsletter","14":"tag-portugal","15":"tag-pt","16":"tag-sports"},"share_on_mastodon":{"url":"https:\/\/pubeurope.com\/@pt\/115546754144510825","error":""},"_links":{"self":[{"href":"https:\/\/www.europesays.com\/pt\/wp-json\/wp\/v2\/posts\/151433","targetHints":{"allow":["GET"]}}],"collection":[{"href":"https:\/\/www.europesays.com\/pt\/wp-json\/wp\/v2\/posts"}],"about":[{"href":"https:\/\/www.europesays.com\/pt\/wp-json\/wp\/v2\/types\/post"}],"author":[{"embeddable":true,"href":"https:\/\/www.europesays.com\/pt\/wp-json\/wp\/v2\/users\/2"}],"replies":[{"embeddable":true,"href":"https:\/\/www.europesays.com\/pt\/wp-json\/wp\/v2\/comments?post=151433"}],"version-history":[{"count":0,"href":"https:\/\/www.europesays.com\/pt\/wp-json\/wp\/v2\/posts\/151433\/revisions"}],"wp:featuredmedia":[{"embeddable":true,"href":"https:\/\/www.europesays.com\/pt\/wp-json\/wp\/v2\/media\/151434"}],"wp:attachment":[{"href":"https:\/\/www.europesays.com\/pt\/wp-json\/wp\/v2\/media?parent=151433"}],"wp:term":[{"taxonomy":"category","embeddable":true,"href":"https:\/\/www.europesays.com\/pt\/wp-json\/wp\/v2\/categories?post=151433"},{"taxonomy":"post_tag","embeddable":true,"href":"https:\/\/www.europesays.com\/pt\/wp-json\/wp\/v2\/tags?post=151433"}],"curies":[{"name":"wp","href":"https:\/\/api.w.org\/{rel}","templated":true}]}}