{"id":151446,"date":"2025-11-14T07:27:43","date_gmt":"2025-11-14T07:27:43","guid":{"rendered":"https:\/\/www.europesays.com\/pt\/151446\/"},"modified":"2025-11-14T07:27:43","modified_gmt":"2025-11-14T07:27:43","slug":"a-protegida-laura-assina-os-papeis-do-divorcio-novelas","status":"publish","type":"post","link":"https:\/\/www.europesays.com\/pt\/151446\/","title":{"rendered":"A Protegida: Laura assina os pap\u00e9is do div\u00f3rcio &#8211; Novelas"},"content":{"rendered":"<p>Em \u00abA Protegida\u00bb, Mariana (Matilde Reym\u00e3o) e Laura (Alexandra Lencastre) ouvem a voz de Clarice (Fernanda Serrano) no jardim e logo de seguida ela entra com Jorge (Paulo Pires). JD (Pedro Sousa) vem atr\u00e1s deles. Clarice come\u00e7a a destapar os tachos, como se estivesse em sua casa. JD diz que n\u00e3o tem nada a ver com aquilo e s\u00f3 os encontrou l\u00e1 fora. Laura pede a chave a Jorge e manda-o embora. Clarice chama urs\u00e3o a Jorge. Laura e Mariana ficam incr\u00e9dulas. Jorge entrega os papeis do div\u00f3rcio a Laura e diz que n\u00e3o quer nada dela. Mariana afirma que j\u00e1 roubou o que quis, mas Jorge faz-se de desentendido. Virg\u00edlio acusa Jorge de o ter obrigado a dar-lhe os c\u00f3digos, mas mais uma vez ele finge que n\u00e3o sabe do que est\u00e3o a falar. Jorge vai buscar as suas roupas. Mariana (Matilde Reym\u00e3o) pede a JD para fazer alguma coisa.<\/p>\n","protected":false},"excerpt":{"rendered":"Em \u00abA Protegida\u00bb, Mariana (Matilde Reym\u00e3o) e Laura (Alexandra Lencastre) ouvem a voz de Clarice (Fernanda Serrano) no&hellip;\n","protected":false},"author":2,"featured_media":151447,"comment_status":"","ping_status":"","sticky":false,"template":"","format":"standard","meta":{"footnotes":""},"categories":[142],"tags":[168,160,166,114,115,157,167,164,2931,161,158,165,159,32,33,156,163,151,162],"class_list":{"0":"post-151446","1":"post","2":"type-post","3":"status-publish","4":"format-standard","5":"has-post-thumbnail","7":"category-tv","8":"tag-a-protegida","9":"tag-ana-guiomar","10":"tag-cristina-ferreira","11":"tag-entertainment","12":"tag-entretenimento","13":"tag-festa-e-festa","14":"tag-ficcao","15":"tag-jose-fidalgo","16":"tag-novela","17":"tag-novelas","18":"tag-para-sempre","19":"tag-pedro-sousa","20":"tag-pedro-teixeira","21":"tag-portugal","22":"tag-pt","23":"tag-queridos-papas","24":"tag-tiago-teotonio-pereira","25":"tag-tv","26":"tag-tvi"},"share_on_mastodon":{"url":"https:\/\/pubeurope.com\/@pt\/115546871762952218","error":""},"_links":{"self":[{"href":"https:\/\/www.europesays.com\/pt\/wp-json\/wp\/v2\/posts\/151446","targetHints":{"allow":["GET"]}}],"collection":[{"href":"https:\/\/www.europesays.com\/pt\/wp-json\/wp\/v2\/posts"}],"about":[{"href":"https:\/\/www.europesays.com\/pt\/wp-json\/wp\/v2\/types\/post"}],"author":[{"embeddable":true,"href":"https:\/\/www.europesays.com\/pt\/wp-json\/wp\/v2\/users\/2"}],"replies":[{"embeddable":true,"href":"https:\/\/www.europesays.com\/pt\/wp-json\/wp\/v2\/comments?post=151446"}],"version-history":[{"count":0,"href":"https:\/\/www.europesays.com\/pt\/wp-json\/wp\/v2\/posts\/151446\/revisions"}],"wp:featuredmedia":[{"embeddable":true,"href":"https:\/\/www.europesays.com\/pt\/wp-json\/wp\/v2\/media\/151447"}],"wp:attachment":[{"href":"https:\/\/www.europesays.com\/pt\/wp-json\/wp\/v2\/media?parent=151446"}],"wp:term":[{"taxonomy":"category","embeddable":true,"href":"https:\/\/www.europesays.com\/pt\/wp-json\/wp\/v2\/categories?post=151446"},{"taxonomy":"post_tag","embeddable":true,"href":"https:\/\/www.europesays.com\/pt\/wp-json\/wp\/v2\/tags?post=151446"}],"curies":[{"name":"wp","href":"https:\/\/api.w.org\/{rel}","templated":true}]}}