{"id":151448,"date":"2025-11-14T07:32:09","date_gmt":"2025-11-14T07:32:09","guid":{"rendered":"https:\/\/www.europesays.com\/pt\/151448\/"},"modified":"2025-11-14T07:32:09","modified_gmt":"2025-11-14T07:32:09","slug":"pedro-e-sancionado-apos-recusar-se-a-momento-a-sos-com-liliana-tvi-player","status":"publish","type":"post","link":"https:\/\/www.europesays.com\/pt\/151448\/","title":{"rendered":"Pedro \u00e9 sancionado ap\u00f3s recusar-se a momento a s\u00f3s com Liliana &#8211; TVI Player"},"content":{"rendered":"<ol>\n<li><a href=\"https:\/\/news.google.com\/rss\/articles\/CBMipAFBVV95cUxQQnl0eGdXSDBNMm40T0x2UXRoSC1UMWk2NUFHc2p0YmRkQ250dkNuWWtrLUJTN1BtaGxrelZMMi1pWWthTGRKSFNsekE2XzJrck9Yd0lvTEpZZ3BkU2txVVRrZjJoMVR2dDUzbkZObWgzQ1VrX2htb1R5NTczaEVvV1Rjb0dVNTFlRUdxV3pQdkdjVkNsNDQtVklCT3E5NUE2ZlRuSA?oc=5\" target=\"_blank\" rel=\"nofollow noopener\">Pedro \u00e9 sancionado ap\u00f3s recusar-se a momento a s\u00f3s com Liliana<\/a>&nbsp;&nbsp;TVI Player<\/li>\n<li><a href=\"https:\/\/news.google.com\/rss\/articles\/CBMi-gFBVV95cUxOLWZ5aXdYWi0wMHZnaFBtcjNETVZ3VVIyRW0tYk94VTRRazBKdDFhVU1OYWZyUXItRFpSN0EyNjA4eFFXR2hXVUhWN1kzbGp4NkFzbXh1NVZxZ0NELXlKaEp0X21iejhpaWRDenJzU3hhRTJzNVdnclZJNk1vajA3cXluZWdJN0VoZEplcVdKOFVxRU1zaGNlZDVLcU9fYmRHTWpQTEZTZVUyWWVTWk9qTzBibU55MU91YkdpVlE4SWtTNHhrUXZObnRhT3FnZkZjX21ua0lvQmFhTFgwcF82MVc5a2dOalVBUUZHeFM2dFQ5Y0s5WjBZdWpB?oc=5\" target=\"_blank\" rel=\"nofollow noopener\">Peito com peito e testa com testa: Estas s\u00e3o as imagens completas do confronto tenso entre Dylan e F\u00e1bio<\/a>&nbsp;&nbsp;TVI<\/li>\n<li><a href=\"https:\/\/news.google.com\/rss\/articles\/CBMizAFBVV95cUxPenM3Q1JmUU1VRHNndmdhYTU2dW01MjhBX0ppU3FwSk85YW1Sb1kzdE1aVVpLdWFkZVN1VnRydDh4RGhxam9HUlNTUkZ0MC1odkVPbFFySmNVejlQZXJDV3pyT1NUa0JhWHRpQU1IdE04RGRqaThsRGpBd24xdVRWRXZIR2ZwQTVJNHlXNEh1VVJ5RVd0azJ3bWJudUx6RkNvdTJjYVJDX2J6N1VCZEdad0YtaXltbWJHRmk3VGlGeWhGV0VOSWFoLXV3c24?oc=5\" target=\"_blank\" rel=\"nofollow noopener\">&#8220;Secret Story&#8221;. Pedro Jorge e Liliana em discuss\u00e3o acesa. &#8220;N\u00e3o vales nada. \u00c9s um sonso&#8221;<\/a>&nbsp;&nbsp;MAGG<\/li>\n<li><a href=\"https:\/\/news.google.com\/rss\/articles\/CBMiiAFBVV95cUxOcVROSWc2dzhNMjU0NF9sMS03MXVQZ0hJblU1TW9UTk04RE84cjFwcW9PZ3hRQlhqTnRWMndWNUE2MVc0c2JrWG81ZGozcFE4cDFPTHRiNkNZaW1tN1JxYlFnSzliaF8tU2VEZWhaRlpVNTk5eUw1VHpsVEtMeHYyV0YtUzdfbS1r?oc=5\" target=\"_blank\" rel=\"nofollow noopener\">F\u00e1bio sai em defesa da Liliana e coloca &#8216;STOP&#8217; a Pedro Jorge<\/a>&nbsp;&nbsp;Dioguinho<\/li>\n<li><a href=\"https:\/\/news.google.com\/rss\/articles\/CBMi7wFBVV95cUxQdVoxc1dVMkJzZ2FwX09rTnFYRmUtWU1LMlQ5cVRDMjJsanVQc3lZWDliLVlVMXZKODc2dFk1aTdsWld3aUVKNjV6M1JBTkNrVkstY3JlTXQ4ZjJPWVpwRGV5QWlVX2U1TjJENkwyMF9DM0VvTDlwZmVuclNzZXJURTdEWktnQ0NfbjhacjQxc3FkdmZvSlhqeGJESUI5cDFPeGRkclZiTGV4dHN3b0tfMDAwQWZzRWxkTkYwUVJ4c2NLemhWNnZaeFE5UktCcjlfalBmNnhNNVc3QklJOUk0cC1xd1BaTTNNSFExQjY5QQ?oc=5\" target=\"_blank\" rel=\"nofollow noopener\">\u00abEla parece que tem ci\u00fames&#8230;\u00bb: Estar\u00e1 Marisa Susana interessada em Pedro? A nova teoria invade a casa<\/a>&nbsp;&nbsp;TVI<\/li>\n<\/ol>\n","protected":false},"excerpt":{"rendered":"Pedro \u00e9 sancionado ap\u00f3s recusar-se a momento a s\u00f3s com Liliana&nbsp;&nbsp;TVI Player Peito com peito e testa com&hellip;\n","protected":false},"author":2,"featured_media":151449,"comment_status":"","ping_status":"","sticky":false,"template":"","format":"standard","meta":{"footnotes":""},"categories":[85],"tags":[114,115,19082,14646,32,33],"class_list":{"0":"post-151448","1":"post","2":"type-post","3":"status-publish","4":"format-standard","5":"has-post-thumbnail","7":"category-entretenimento","8":"tag-entertainment","9":"tag-entretenimento","10":"tag-fabio","11":"tag-pedro","12":"tag-portugal","13":"tag-pt"},"share_on_mastodon":{"url":"https:\/\/pubeurope.com\/@pt\/115546891501828439","error":""},"_links":{"self":[{"href":"https:\/\/www.europesays.com\/pt\/wp-json\/wp\/v2\/posts\/151448","targetHints":{"allow":["GET"]}}],"collection":[{"href":"https:\/\/www.europesays.com\/pt\/wp-json\/wp\/v2\/posts"}],"about":[{"href":"https:\/\/www.europesays.com\/pt\/wp-json\/wp\/v2\/types\/post"}],"author":[{"embeddable":true,"href":"https:\/\/www.europesays.com\/pt\/wp-json\/wp\/v2\/users\/2"}],"replies":[{"embeddable":true,"href":"https:\/\/www.europesays.com\/pt\/wp-json\/wp\/v2\/comments?post=151448"}],"version-history":[{"count":0,"href":"https:\/\/www.europesays.com\/pt\/wp-json\/wp\/v2\/posts\/151448\/revisions"}],"wp:featuredmedia":[{"embeddable":true,"href":"https:\/\/www.europesays.com\/pt\/wp-json\/wp\/v2\/media\/151449"}],"wp:attachment":[{"href":"https:\/\/www.europesays.com\/pt\/wp-json\/wp\/v2\/media?parent=151448"}],"wp:term":[{"taxonomy":"category","embeddable":true,"href":"https:\/\/www.europesays.com\/pt\/wp-json\/wp\/v2\/categories?post=151448"},{"taxonomy":"post_tag","embeddable":true,"href":"https:\/\/www.europesays.com\/pt\/wp-json\/wp\/v2\/tags?post=151448"}],"curies":[{"name":"wp","href":"https:\/\/api.w.org\/{rel}","templated":true}]}}