{"id":151452,"date":"2025-11-14T07:37:20","date_gmt":"2025-11-14T07:37:20","guid":{"rendered":"https:\/\/www.europesays.com\/pt\/151452\/"},"modified":"2025-11-14T07:37:20","modified_gmt":"2025-11-14T07:37:20","slug":"morreram-2-idosos-devido-a-inundacao-em-casa-em-fernao-ferro-observador","status":"publish","type":"post","link":"https:\/\/www.europesays.com\/pt\/151452\/","title":{"rendered":"Morreram 2 idosos devido a inunda\u00e7\u00e3o em casa em Fern\u00e3o Ferro \u2013 Observador"},"content":{"rendered":"<p>Acompanhe <a href=\"https:\/\/observador.pt\/liveblogs\/chuva-forte-de-madrugada-setubal-e-lisboa-com-dezenas-de-ocorrencias-uma-arvore-caiu-na-zona-da-ajuda\/\" rel=\"nofollow noopener\" target=\"_blank\">o nosso artigo em direto<\/a> sobre o mau tempo<\/p>\n<p>Dois idosos de 88 anos morreram esta manh\u00e3 na sua casa em Fern\u00e3o Ferro, no concelho do Seixal, devido a uma inunda\u00e7\u00e3o. A not\u00edcia foi adiantada pelo <a href=\"https:\/\/www.cmjornal.pt\/portugal\/detalhe\/casal-de-idosos-morre-em-casa-inundada-devido-ao-mau-tempo-em-fernao-ferro?utm_campaign=Notificacao&amp;utm_medium=email&amp;utm_source=PushChrome\" rel=\"nofollow ugc noopener\" target=\"_blank\">Correio da Manh\u00e3<\/a>\u00a0e confirmada pelo Observador junto do Comando Territorial de Set\u00fabal da Guarda Nacional Republicana.<\/p>\n<p>As duas v\u00edtimas morreram encurraladas numa divis\u00e3o da sua resid\u00eancia que alagou devido ao mau tempo que se tem feito sentir. S\u00e3o as primeiras mortes registadas devido \u00e0 depress\u00e3o Cl\u00e1udia.<\/p>\n<p>De acordo com a fonte contactada pelo Observador, \u201ca GNR e os bombeiros depararam-se com a casa inundada e foram for\u00e7ados a partir as janelas para entrar dentro da resid\u00eancia\u201d. Ao entrar no local, \u201crapidamente localizaram as v\u00edtimas\u201d em paragem cardiorespirat\u00f3ria.<\/p>\n<p>Pelo que foi poss\u00edvel apurar pelo Observador no local, o casal de octogen\u00e1rios ter\u00e1 sido surpreendido pela subida das \u00e1guas enquanto dormiam e, tendo mobilidade reduzida, n\u00e3o teve tempo de se colocar em seguran\u00e7a. A <a href=\"https:\/\/cnnportugal.iol.pt\/fernao-ferro\/mau-tempo\/mau-tempo-faz-duas-vitimas-em-fernao-ferro-casal-de-idosos-morre-dentro-de-casa\/20251113\/6915b7e8d34e3caad84b3c5e\" rel=\"nofollow noopener\" target=\"_blank\">CNN Portugal<\/a> adianta, inclusive, que tinham um bot\u00e3o de p\u00e2nico, mas este n\u00e3o foi acionado, refor\u00e7ando a ideia de que foram apanhados de surpresa.<\/p>\n<p>A casa fica numa urbaniza\u00e7\u00e3o afastada do centro desta freguesia do Seixal e que se foi desenvolvendo ap\u00f3s o 25 de Abril, tratando-se hoje de uma \u00c1rea Urbana de G\u00e9nese Ilegal (AUGI). Localizada junto a um pinhal, a zona nas imedia\u00e7\u00f5es encontra-se totalmente inundada, assemelhando-se a um enorme lago.<\/p>\n<p>Segundo os vizinhos, que alertaram as autoridades pelas 9h15 desta quinta-feira, o n\u00edvel das \u00e1guas subiu drasticamente durante a noite numa ribeira que passa nas traseiras da casa das v\u00edtimas. J\u00e1 nesta manh\u00e3, a subida foi tal que a \u00e1gua chegou a uma das janelas, deixando-a muito perto de ficar submersa.<\/p>\n<p>Foi devido ao volume de \u00e1gua em redor do edif\u00edcio que as autoridades foram obrigadas a partir n\u00e3o s\u00f3 uma janela, mas um muro tamb\u00e9m, para poderem entrar. Foi montado um per\u00edmetro de seguran\u00e7a junto \u00e0 casa, mantido pela GNR, sendo que agentes da Pol\u00edcia Judici\u00e1ria tamb\u00e9m estiveram no local para fazer peritagem. Os familiares das v\u00edtimas tamb\u00e9m estiveram nas imedia\u00e7\u00f5es.<\/p>\n<p>Este caso ocorreu no distrito de Set\u00fabal, um dos mais afetados do pa\u00eds pelo mau tempo provocado pela depress\u00e3o Cl\u00e1udia, tendo estado sob alerta vermelho emitido pelo IPMA at\u00e9 \u00e0s 10h00 desta quinta-feira. Por esse motivo, \u00e9 tamb\u00e9m o distrito onde foram registadas mais ocorr\u00eancias pela Prote\u00e7\u00e3o Civil at\u00e9 ao in\u00edcio da tarde, cerca de 200.<\/p>\n<p>H\u00e1 informa\u00e7\u00e3o de v\u00e1rias estradas inundadas e ve\u00edculos imobilizados devido \u00e0 chuva forte nos concelhos do Montijo e do Seixal \u2014 neste, inclusive, a Estrada Nacional 378 teve de ser encerrada devido ao alagamento da via.<\/p>\n<p>Presente junto \u00e0 casa em Fern\u00e3o Ferro onde morreram os dois idosos para prestar esclarecimentos, Joaquim Tavares, vereador da C\u00e2mara Municipal do Seixal com o pelouro da Prote\u00e7\u00e3o Civil descartou responsabilidades camar\u00e1rias, sublinhando a natureza ilegal da habita\u00e7\u00e3o em que viviam.<\/p>\n<p>Questionado quanto ao que poderia ter sido feito para evitar este desenlace, em que a casa sofreu uma inunda\u00e7\u00e3o repentina, o autarca respondeu que, \u201cem primeiro lugar, n\u00e3o deveria ter havido estas constru\u00e7\u00f5es nestes s\u00edtios\u201d, referindo-se ao facto de a casa estar\u00a0 numa \u00c1rea Urbana de G\u00e9nese Ilegal (AUGI).<\/p>\n<p>Todavia, Joaquim Tavares n\u00e3o s\u00f3 admitiu n\u00e3o conhecer o processo quanto a esta casa em si nem se foram feitas dilig\u00eancias no passado quanto \u00e0 sua seguran\u00e7a, como foi omisso quanto ao futuro desta e de outras habita\u00e7\u00f5es.<\/p>\n<p>Questionado se estava para ser demolida, respondeu aos jornalistas que \u201cest\u00e1 numa situa\u00e7\u00e3o de constru\u00e7\u00e3o ilegal, como est\u00e3o tantas outras na regi\u00e3o\u201d e que \u201cest\u00e3o a ser vistas solu\u00e7\u00f5es para que se possa desativar estas habita\u00e7\u00f5es\u201d, sem afirmar abertamente se h\u00e1 algum tipo de demoli\u00e7\u00e3o planeada. Por outro lado, indagado se o plano passava, ao inv\u00e9s, por legaliz\u00e1-la, respondeu: \u201cN\u00e3o, est\u00e1 numa zona ilegal, como \u00e9 que podia ser legalizada?\u201d<\/p>\n<p>Como o Observador apurou junto de alguns moradores no local, assim como familiares das v\u00edtimas, existe a<strong> suspeita de que o alagamento que ocorreu nas imedia\u00e7\u00f5es da casa possa ter sido causado por um projeto de obras p\u00fablicas iniciado h\u00e1 cerca de um ano mas que tem avan\u00e7ado a baixo ritmo<\/strong>. Como consequ\u00eancia, apontam que se tem gerado entulho e que, mesmo com a cria\u00e7\u00e3o de sarjetas junto \u00e0 estrada, n\u00e3o acreditam que estejam a funcionar em condi\u00e7\u00f5es.<\/p>\n<p>Confrontado com a possibilidade de estas obras terem propiciado este alagamento\u00a0repentino por eventualmente terem dificultado a drenagem das \u00e1guas pluviais, o autarca afirmou que \u201cos moradores todos t\u00eam opini\u00e3o nestes momentos\u201d e que n\u00e3o est\u00e1 em condi\u00e7\u00f5es de garantir que houve uma rela\u00e7\u00e3o de causa-efeito. \u201cTodos sabem que estamos numa \u00e1rea urbana de g\u00e9nese ilegal\u201d, optou por afirmar, e \u201c\u00e9 no contexto dessa realidade que est\u00e3o a ser realizadas obras pela administra\u00e7\u00e3o da AUGI, que \u00e9 quem tem a compet\u00eancia nessa mat\u00e9ria\u201d, completou.<\/p>\n<p>Joaquim Tavares justificou ainda a ocorr\u00eancia com o facto de esta ter sido \u201cuma situa\u00e7\u00e3o muito particular, de uma grande intensidade da chuva\u201d, lembrando ao mesmo tempo que casas com a afetada \u201cexistem h\u00e1 muitos anos e os problemas que tiveram nunca foram desta natureza\u201d.<\/p>\n","protected":false},"excerpt":{"rendered":"Acompanhe o nosso artigo em direto sobre o mau tempo Dois idosos de 88 anos morreram esta manh\u00e3&hellip;\n","protected":false},"author":2,"featured_media":151453,"comment_status":"","ping_status":"","sticky":false,"template":"","format":"standard","meta":{"footnotes":""},"categories":[8],"tags":[27,28,442,15,16,14,25,26,21,22,606,12,13,19,20,57,32,23,24,33,10012,58,17,18,29,30,31],"class_list":{"0":"post-151452","1":"post","2":"type-post","3":"status-publish","4":"format-standard","5":"has-post-thumbnail","7":"category-principais-noticias","8":"tag-breaking-news","9":"tag-breakingnews","10":"tag-ciu00eancia","11":"tag-featured-news","12":"tag-featurednews","13":"tag-headlines","14":"tag-latest-news","15":"tag-latestnews","16":"tag-main-news","17":"tag-mainnews","18":"tag-meteorologia","19":"tag-news","20":"tag-noticias","21":"tag-noticias-principais","22":"tag-noticiasprincipais","23":"tag-pau00eds","24":"tag-portugal","25":"tag-principais-noticias","26":"tag-principaisnoticias","27":"tag-pt","28":"tag-setu00fabal","29":"tag-sociedade","30":"tag-top-stories","31":"tag-topstories","32":"tag-ultimas","33":"tag-ultimas-noticias","34":"tag-ultimasnoticias"},"share_on_mastodon":{"url":"https:\/\/pubeurope.com\/@pt\/115546911297300869","error":""},"_links":{"self":[{"href":"https:\/\/www.europesays.com\/pt\/wp-json\/wp\/v2\/posts\/151452","targetHints":{"allow":["GET"]}}],"collection":[{"href":"https:\/\/www.europesays.com\/pt\/wp-json\/wp\/v2\/posts"}],"about":[{"href":"https:\/\/www.europesays.com\/pt\/wp-json\/wp\/v2\/types\/post"}],"author":[{"embeddable":true,"href":"https:\/\/www.europesays.com\/pt\/wp-json\/wp\/v2\/users\/2"}],"replies":[{"embeddable":true,"href":"https:\/\/www.europesays.com\/pt\/wp-json\/wp\/v2\/comments?post=151452"}],"version-history":[{"count":0,"href":"https:\/\/www.europesays.com\/pt\/wp-json\/wp\/v2\/posts\/151452\/revisions"}],"wp:featuredmedia":[{"embeddable":true,"href":"https:\/\/www.europesays.com\/pt\/wp-json\/wp\/v2\/media\/151453"}],"wp:attachment":[{"href":"https:\/\/www.europesays.com\/pt\/wp-json\/wp\/v2\/media?parent=151452"}],"wp:term":[{"taxonomy":"category","embeddable":true,"href":"https:\/\/www.europesays.com\/pt\/wp-json\/wp\/v2\/categories?post=151452"},{"taxonomy":"post_tag","embeddable":true,"href":"https:\/\/www.europesays.com\/pt\/wp-json\/wp\/v2\/tags?post=151452"}],"curies":[{"name":"wp","href":"https:\/\/api.w.org\/{rel}","templated":true}]}}