{"id":151458,"date":"2025-11-14T08:04:08","date_gmt":"2025-11-14T08:04:08","guid":{"rendered":"https:\/\/www.europesays.com\/pt\/151458\/"},"modified":"2025-11-14T08:04:08","modified_gmt":"2025-11-14T08:04:08","slug":"video-jogadores-da-selecao-e-adeptos-pegados-apos-derrota-na-irlanda","status":"publish","type":"post","link":"https:\/\/www.europesays.com\/pt\/151458\/","title":{"rendered":"V\u00cdDEO: jogadores da Sele\u00e7\u00e3o e adeptos pegados ap\u00f3s derrota na Irlanda"},"content":{"rendered":"<p>Minutos depois da <a href=\"https:\/\/maisfutebol.iol.pt\/jogo\/aominuto\/republicadairlanda\/portugal\/13820863\" target=\"_blank\" rel=\"nofollow noopener\"><strong>derrota de Portugal ante a Rep\u00fablica da Irlanda, por 2-0<\/strong><\/a>, e no momento que os jogadores portugueses se despediam das v\u00e1rias centenas de adeptos lusos no Aviva Stadium, em Dublin, houve um par de momentos de maior tens\u00e3o, sobretudo com R\u00faben Dias e Bernardo Silva a mostrarem insatisfa\u00e7\u00e3o com comportamentos vindos das bancadas.<\/p>\n<p>Perante alguma insatisfa\u00e7\u00e3o e improp\u00e9rios vindos, R\u00faben Dias fez um gesto de que estava a ver quem era e foi poss\u00edvel perceber pela sua linguagem labial um palavr\u00e3o em resposta a quem estava na bancada.<\/p>\n<p>Foi ent\u00e3o que R\u00faben Dias voltou costas e Bernardo Silva e Jo\u00e3o F\u00e9lix foram ter com o compatriota. E, logo a seguir, depois de o trio ter virado costas para ir embora, Bernardo Silva acusou a situa\u00e7\u00e3o, reagindo e deslocando-se at\u00e9 perto da bancada \u2013 ainda tentou ser demovido por Jo\u00e3o F\u00e9lix \u2013 para uma breve troca final de argumentos.<\/p>\n<p>De seguida, tudo terminou, j\u00e1 de forma mais calma, com Diogo Dalot, Vitinha, Diogo Costa, Gon\u00e7alo Ramos e &#8211; de novo ap\u00f3s o momento de maior tens\u00e3o &#8211; R\u00faben Dias num di\u00e1logo final mesmo junto \u00e0 bancada atr\u00e1s da baliza.<\/p>\n","protected":false},"excerpt":{"rendered":"Minutos depois da derrota de Portugal ante a Rep\u00fablica da Irlanda, por 2-0, e no momento que os&hellip;\n","protected":false},"author":2,"featured_media":151459,"comment_status":"","ping_status":"","sticky":false,"template":"","format":"standard","meta":{"footnotes":""},"categories":[87],"tags":[5405,135,46,32,33,47,12290,4338,134],"class_list":{"0":"post-151458","1":"post","2":"type-post","3":"status-publish","4":"format-standard","5":"has-post-thumbnail","7":"category-desporto","8":"tag-bernardo-silva","9":"tag-desporto","10":"tag-maisfutebol","11":"tag-portugal","12":"tag-pt","13":"tag-pura-paixao","14":"tag-ruben-dias","15":"tag-selecao","16":"tag-sports"},"share_on_mastodon":{"url":"https:\/\/pubeurope.com\/@pt\/115547017269126494","error":""},"_links":{"self":[{"href":"https:\/\/www.europesays.com\/pt\/wp-json\/wp\/v2\/posts\/151458","targetHints":{"allow":["GET"]}}],"collection":[{"href":"https:\/\/www.europesays.com\/pt\/wp-json\/wp\/v2\/posts"}],"about":[{"href":"https:\/\/www.europesays.com\/pt\/wp-json\/wp\/v2\/types\/post"}],"author":[{"embeddable":true,"href":"https:\/\/www.europesays.com\/pt\/wp-json\/wp\/v2\/users\/2"}],"replies":[{"embeddable":true,"href":"https:\/\/www.europesays.com\/pt\/wp-json\/wp\/v2\/comments?post=151458"}],"version-history":[{"count":0,"href":"https:\/\/www.europesays.com\/pt\/wp-json\/wp\/v2\/posts\/151458\/revisions"}],"wp:featuredmedia":[{"embeddable":true,"href":"https:\/\/www.europesays.com\/pt\/wp-json\/wp\/v2\/media\/151459"}],"wp:attachment":[{"href":"https:\/\/www.europesays.com\/pt\/wp-json\/wp\/v2\/media?parent=151458"}],"wp:term":[{"taxonomy":"category","embeddable":true,"href":"https:\/\/www.europesays.com\/pt\/wp-json\/wp\/v2\/categories?post=151458"},{"taxonomy":"post_tag","embeddable":true,"href":"https:\/\/www.europesays.com\/pt\/wp-json\/wp\/v2\/tags?post=151458"}],"curies":[{"name":"wp","href":"https:\/\/api.w.org\/{rel}","templated":true}]}}