{"id":151462,"date":"2025-11-14T08:23:07","date_gmt":"2025-11-14T08:23:07","guid":{"rendered":"https:\/\/www.europesays.com\/pt\/151462\/"},"modified":"2025-11-14T08:23:07","modified_gmt":"2025-11-14T08:23:07","slug":"uma-unica-infracao-pode-ditar-o-fim-da-carta-de-conducao","status":"publish","type":"post","link":"https:\/\/www.europesays.com\/pt\/151462\/","title":{"rendered":"uma \u00fanica infra\u00e7\u00e3o pode ditar o fim da carta de condu\u00e7\u00e3o"},"content":{"rendered":"<p>O regime probat\u00f3rio volta a ganhar destaque com a entrada em vigor de medidas mais r\u00edgidas aplicadas aos novos condutores. Quem obt\u00e9m a carta pela primeira vez passa a estar sujeito a um controlo mais apertado, podendo perder o t\u00edtulo de condu\u00e7\u00e3o com apenas uma infra\u00e7\u00e3o muito grave.<\/p>\n<p><a target=\"_blank\" href=\"https:\/\/pplware.sapo.pt\/wp-content\/uploads\/2025\/11\/fim_da_carta00.jpg\" onclick=\"refreshIframe()\" class=\"foobox\" rel=\"nofollow noopener\"><img fetchpriority=\"high\" decoding=\"async\" src=\"https:\/\/www.europesays.com\/pt\/wp-content\/uploads\/2025\/11\/fim_da_carta00-720x405.jpg\" alt=\"Ilustra\u00e7\u00e3o de situa\u00e7\u00e3o que leva ao fim da carta de condu\u00e7\u00e3o\" width=\"720\" height=\"405\" class=\"aligncenter wp-image-1088345 size-medium\"  \/><\/a><\/p>\n<p>Regime probat\u00f3rio de tr\u00eas anos<\/p>\n<p>A carta de condu\u00e7\u00e3o emitida a quem nunca esteve habilitado fica sujeita a um <strong>per\u00edodo probat\u00f3rio de tr\u00eas anos<\/strong>.<\/p>\n<p>Durante este tempo, o condutor \u00e9 avaliado com crit\u00e9rios mais exigentes e qualquer desvio \u00e0s regras tem impacto direto na manuten\u00e7\u00e3o da carta.<\/p>\n<p><a target=\"_blank\" href=\"https:\/\/pplware.sapo.pt\/wp-content\/uploads\/2025\/11\/fim_da_carta02.webp\" rel=\"nofollow noopener\"><img loading=\"lazy\" decoding=\"async\" aria-describedby=\"caption-attachment-1088358\" src=\"https:\/\/www.europesays.com\/pt\/wp-content\/uploads\/2025\/11\/fim_da_carta02-720x405.webp.webp\" alt=\"Imagem carta de condu\u00e7\u00e3o\" width=\"720\" height=\"405\" class=\"wp-image-1088358 size-medium\"  \/><\/a><\/p>\n<p id=\"caption-attachment-1088358\" class=\"wp-caption-text\">O C\u00f3digo da Estrada \u00e9 claro no <a target=\"_blank\" href=\"https:\/\/diariodarepublica.pt\/dr\/legislacao-consolidada\/decreto-lei\/2012-114321099\" rel=\"nofollow noopener\">artigo 130.\u00ba<\/a>. Quem estiver no regime probat\u00f3rio tem o t\u00edtulo de condu\u00e7\u00e3o cancelado se cometer crime rodovi\u00e1rio, duas contraordena\u00e7\u00f5es graves ou uma muito grave. Para que o t\u00edtulo caduque, a senten\u00e7a judicial tem de estar transitada em julgado, ou ent\u00e3o a decis\u00e3o administrativa tem de ser definitiva.<\/p>\n<p>Infra\u00e7\u00f5es que levam ao cancelamento imediato<\/p>\n<p>Basta um destes acontecimentos para que a carta seja cancelada:<\/p>\n<ul>\n<li>Instaura\u00e7\u00e3o de um processo por crime rodovi\u00e1rio.<\/li>\n<li>Uma contraordena\u00e7\u00e3o muito grave.<\/li>\n<li>Duas contraordena\u00e7\u00f5es graves no mesmo per\u00edodo.<\/li>\n<\/ul>\n<p>Este cancelamento implica voltar ao in\u00edcio: nova forma\u00e7\u00e3o e novo exame especial para recuperar o t\u00edtulo.<\/p>\n<p>Exce\u00e7\u00f5es ao regime probat\u00f3rio<\/p>\n<p>N\u00e3o est\u00e3o abrangidos:<\/p>\n<ul>\n<li>Condutores que apenas trocam uma carta estrangeira v\u00e1lida h\u00e1 mais de tr\u00eas anos.<\/li>\n<li>Titulares das categorias T, AM, A1 ou B1 que obtenham novas categorias.<\/li>\n<\/ul>\n<p>Nestes casos, o per\u00edodo probat\u00f3rio n\u00e3o se aplica.<\/p>\n<p>Limites mais baixos para \u00e1lcool no sangue<\/p>\n<p>Durante o per\u00edodo probat\u00f3rio, a margem de \u00e1lcool permitida \u00e9 significativamente reduzida.<\/p>\n<ul>\n<li>Entre 0,2 g\/l e 0,5 g\/l: contraordena\u00e7\u00e3o grave.<\/li>\n<li>Entre 0,5 g\/l e 1,2 g\/l: contraordena\u00e7\u00e3o muito grave.<\/li>\n<li>Acima de 1,2 g\/l: crime rodovi\u00e1rio.<\/li>\n<\/ul>\n<p>A menor toler\u00e2ncia pretende afastar qualquer risco associado ao consumo de \u00e1lcool, ainda mais cr\u00edtico em condutores pouco experientes.<\/p>\n<p><a target=\"_blank\" href=\"https:\/\/pplware.sapo.pt\/wp-content\/uploads\/2025\/11\/fim_da_carta01.jpg\" onclick=\"refreshIframe()\" class=\"foobox\" rel=\"nofollow noopener\"><img loading=\"lazy\" decoding=\"async\" src=\"https:\/\/www.europesays.com\/pt\/wp-content\/uploads\/2025\/11\/fim_da_carta01-720x405.jpg\" alt=\"\" width=\"720\" height=\"405\" class=\"aligncenter size-medium wp-image-1088348\"  \/><\/a><\/p>\n<p>Possibilidade de prolongamento do per\u00edodo probat\u00f3rio<\/p>\n<p>Caso exista um processo pendente relacionado com crime rodovi\u00e1rio, contraordena\u00e7\u00e3o muito grave ou duas graves, o regime probat\u00f3rio pode ser prolongado.<\/p>\n<p>A inten\u00e7\u00e3o \u00e9 garantir que a avalia\u00e7\u00e3o do comportamento do condutor decorre at\u00e9 que o processo esteja conclu\u00eddo.<\/p>\n<p>Consequ\u00eancias pr\u00e1ticas e import\u00e2ncia da vigil\u00e2ncia<\/p>\n<p>Para quem est\u00e1 a iniciar a sua vida ao volante, estas regras colocam uma responsabilidade acrescida. A margem de erro \u00e9 m\u00ednima e qualquer conduta negligente pode resultar numa perda imediata da carta.<\/p>\n<p>A recomenda\u00e7\u00e3o \u00e9 clara: respeito rigoroso pelos limites de velocidade, abandono do telem\u00f3vel ao volante e zero \u00e1lcool.<\/p>\n","protected":false},"excerpt":{"rendered":"O regime probat\u00f3rio volta a ganhar destaque com a entrada em vigor de medidas mais r\u00edgidas aplicadas aos&hellip;\n","protected":false},"author":2,"featured_media":151463,"comment_status":"","ping_status":"","sticky":false,"template":"","format":"standard","meta":{"footnotes":""},"categories":[50],"tags":[27,28,19637,15,16,14,25,26,21,22,62,12,13,19,20,23,24,17,18,29,30,31,63,64,65],"class_list":{"0":"post-151462","1":"post","2":"type-post","3":"status-publish","4":"format-standard","5":"has-post-thumbnail","7":"category-mundo","8":"tag-breaking-news","9":"tag-breakingnews","10":"tag-carta-de-conducao","11":"tag-featured-news","12":"tag-featurednews","13":"tag-headlines","14":"tag-latest-news","15":"tag-latestnews","16":"tag-main-news","17":"tag-mainnews","18":"tag-mundo","19":"tag-news","20":"tag-noticias","21":"tag-noticias-principais","22":"tag-noticiasprincipais","23":"tag-principais-noticias","24":"tag-principaisnoticias","25":"tag-top-stories","26":"tag-topstories","27":"tag-ultimas","28":"tag-ultimas-noticias","29":"tag-ultimasnoticias","30":"tag-world","31":"tag-world-news","32":"tag-worldnews"},"share_on_mastodon":{"url":"https:\/\/pubeurope.com\/@pt\/115547092262844166","error":""},"_links":{"self":[{"href":"https:\/\/www.europesays.com\/pt\/wp-json\/wp\/v2\/posts\/151462","targetHints":{"allow":["GET"]}}],"collection":[{"href":"https:\/\/www.europesays.com\/pt\/wp-json\/wp\/v2\/posts"}],"about":[{"href":"https:\/\/www.europesays.com\/pt\/wp-json\/wp\/v2\/types\/post"}],"author":[{"embeddable":true,"href":"https:\/\/www.europesays.com\/pt\/wp-json\/wp\/v2\/users\/2"}],"replies":[{"embeddable":true,"href":"https:\/\/www.europesays.com\/pt\/wp-json\/wp\/v2\/comments?post=151462"}],"version-history":[{"count":0,"href":"https:\/\/www.europesays.com\/pt\/wp-json\/wp\/v2\/posts\/151462\/revisions"}],"wp:featuredmedia":[{"embeddable":true,"href":"https:\/\/www.europesays.com\/pt\/wp-json\/wp\/v2\/media\/151463"}],"wp:attachment":[{"href":"https:\/\/www.europesays.com\/pt\/wp-json\/wp\/v2\/media?parent=151462"}],"wp:term":[{"taxonomy":"category","embeddable":true,"href":"https:\/\/www.europesays.com\/pt\/wp-json\/wp\/v2\/categories?post=151462"},{"taxonomy":"post_tag","embeddable":true,"href":"https:\/\/www.europesays.com\/pt\/wp-json\/wp\/v2\/tags?post=151462"}],"curies":[{"name":"wp","href":"https:\/\/api.w.org\/{rel}","templated":true}]}}