{"id":151464,"date":"2025-11-14T08:26:25","date_gmt":"2025-11-14T08:26:25","guid":{"rendered":"https:\/\/www.europesays.com\/pt\/151464\/"},"modified":"2025-11-14T08:26:25","modified_gmt":"2025-11-14T08:26:25","slug":"luciana-abreu-a-verba-choruda-que-vai-receber-na-cmtv-alem-do-ordenado","status":"publish","type":"post","link":"https:\/\/www.europesays.com\/pt\/151464\/","title":{"rendered":"Luciana Abreu &#8211; A &#8220;verba choruda&#8221; que vai receber na CMTV al\u00e9m do ordenado"},"content":{"rendered":"<p>Ap\u00f3s mais de uma d\u00e9cada na <strong>SIC<\/strong>, <strong>Luciana Abreu <\/strong>est\u00e1 de sa\u00edda da esta\u00e7\u00e3o para integrar as manh\u00e3s da <strong>CMTV<\/strong>, onde passar\u00e1 a conduzir o Manh\u00e3 CM ao lado do apresentador <strong>Rui Oliveira<\/strong>. Segundo revelou uma fonte pr\u00f3xima da esta\u00e7\u00e3o de Pa\u00e7o de Arcos \u00e0 revista <a href=\"https:\/\/www.tv7dias.pt\/\" rel=\"nofollow noopener\" target=\"_blank\">TV 7 Dias<\/a>, a eterna Floribella recebeu uma &#8220;proposta irrecus\u00e1vel&#8221;, n\u00e3o apenas em termos financeiros, mas tamb\u00e9m pela possibilidade de ter mais tempo livre para dedicar \u00e0s filhas.<\/p>\n<blockquote>\n<p><strong>Leia ainda: <\/strong><a href=\"https:\/\/www.novagente.pt\/fanny-rodrigues-vai-substituir-luciana-abreu-no-domingao-uma-carta\" rel=\"nofollow noopener\" target=\"_blank\">Fanny Rodrigues vai substituir <\/a>Luciana Abreu <a href=\"https:\/\/www.novagente.pt\/fanny-rodrigues-vai-substituir-luciana-abreu-no-domingao-uma-carta\" rel=\"nofollow noopener\" target=\"_blank\">no Doming\u00e3o? &#8220;\u00c9 uma carta&#8230;&#8221;<\/a><\/p>\n<\/blockquote>\n<p>A mesma fonte acrescenta ainda que, nos formatos matutinos, existe a oportunidade de \u201creceber uma verba choruda atrav\u00e9s da publicidade exibida durante o programa\u201d e, por isso, a cantora e atriz &#8220;vai ganhar muito dinheiro\u201d.<\/p>\n<p>Filhas de Luciana Abreu cantam m\u00fasica de Marco Paulo<\/p>\n<p>Texto: Beatriz Soares; Fotos: Arquivo Impala e Redes Sociais.\u00a0<\/p>\n<p class=\"intagram-text\">Siga a Nova Gente no Instagram<\/p>\n<p>                        <a href=\"https:\/\/www.instagram.com\/revistanovagente\/\" target=\"_blank\" aria-label=\"instagram\" rel=\"noopener nofollow\"><img decoding=\"async\" style=\"display: block; margin-left: auto; margin-right: auto; width: 250px; height: 83px;\" src=\"https:\/\/www.europesays.com\/pt\/wp-content\/uploads\/2025\/11\/Instagram_NG.png\" alt=\"instagram\"\/><\/a><br \/>\n                    <script async src=\"\/\/www.instagram.com\/embed.js\"><\/script><\/p>\n","protected":false},"excerpt":{"rendered":"Ap\u00f3s mais de uma d\u00e9cada na SIC, Luciana Abreu est\u00e1 de sa\u00edda da esta\u00e7\u00e3o para integrar as manh\u00e3s&hellip;\n","protected":false},"author":2,"featured_media":151465,"comment_status":"","ping_status":"","sticky":false,"template":"","format":"standard","meta":{"footnotes":""},"categories":[145],"tags":[211,210,9402,5923,114,115,2215,32,33,6751,1751],"class_list":{"0":"post-151464","1":"post","2":"type-post","3":"status-publish","4":"format-standard","5":"has-post-thumbnail","7":"category-celebridades","8":"tag-celebridades","9":"tag-celebrities","10":"tag-cmtv","11":"tag-domingao","12":"tag-entertainment","13":"tag-entretenimento","14":"tag-luciana-abreu","15":"tag-portugal","16":"tag-pt","17":"tag-rui-oliveira","18":"tag-sic"},"share_on_mastodon":{"url":"https:\/\/pubeurope.com\/@pt\/115547103969674441","error":""},"_links":{"self":[{"href":"https:\/\/www.europesays.com\/pt\/wp-json\/wp\/v2\/posts\/151464","targetHints":{"allow":["GET"]}}],"collection":[{"href":"https:\/\/www.europesays.com\/pt\/wp-json\/wp\/v2\/posts"}],"about":[{"href":"https:\/\/www.europesays.com\/pt\/wp-json\/wp\/v2\/types\/post"}],"author":[{"embeddable":true,"href":"https:\/\/www.europesays.com\/pt\/wp-json\/wp\/v2\/users\/2"}],"replies":[{"embeddable":true,"href":"https:\/\/www.europesays.com\/pt\/wp-json\/wp\/v2\/comments?post=151464"}],"version-history":[{"count":0,"href":"https:\/\/www.europesays.com\/pt\/wp-json\/wp\/v2\/posts\/151464\/revisions"}],"wp:featuredmedia":[{"embeddable":true,"href":"https:\/\/www.europesays.com\/pt\/wp-json\/wp\/v2\/media\/151465"}],"wp:attachment":[{"href":"https:\/\/www.europesays.com\/pt\/wp-json\/wp\/v2\/media?parent=151464"}],"wp:term":[{"taxonomy":"category","embeddable":true,"href":"https:\/\/www.europesays.com\/pt\/wp-json\/wp\/v2\/categories?post=151464"},{"taxonomy":"post_tag","embeddable":true,"href":"https:\/\/www.europesays.com\/pt\/wp-json\/wp\/v2\/tags?post=151464"}],"curies":[{"name":"wp","href":"https:\/\/api.w.org\/{rel}","templated":true}]}}