{"id":151470,"date":"2025-11-14T08:40:15","date_gmt":"2025-11-14T08:40:15","guid":{"rendered":"https:\/\/www.europesays.com\/pt\/151470\/"},"modified":"2025-11-14T08:40:15","modified_gmt":"2025-11-14T08:40:15","slug":"nao-e-para-ficar-testando-o-limite-da-producao-record","status":"publish","type":"post","link":"https:\/\/www.europesays.com\/pt\/151470\/","title":{"rendered":"\u2018N\u00e3o \u00e9 para ficar testando o limite da produ\u00e7\u00e3o\u2019 \u2013 Record"},"content":{"rendered":"<p><img decoding=\"async\" data-chromatic=\"ignore\" alt=\"\" class=\"c-image\" loading=\"lazy\" src=\"https:\/\/www.europesays.com\/pt\/wp-content\/uploads\/2025\/11\/TIOWAZWPJNEINASTUHNMZBWUNE.png\"  width=\"677\" height=\"339\"\/>Parece que a rivalidade entre Ray e Saory n\u00e3o tem mais volta Reprodu\u00e7\u00e3o\/RECORD <\/p>\n<p class=\"jarvics:base-text-neutral-high-400 base-text-[calc(theme(fontSize.xs)_*_var(--font-size,_1))] base-font-normal base-font-primary base-text-neutral-low-500 base-text-left\">Apesar de todo o fogo no feno, as regras de <a href=\"https:\/\/record.r7.com\/a-fazenda\/a-fazenda-17\/peoes\/rayane-figliuzzi\" target=\"_self\" rel=\"nofollow noopener\" title=\"https:\/\/record.r7.com\/a-fazenda\/a-fazenda-17\/peoes\/rayane-figliuzzi\"><b>A Fazenda<\/b><\/a> precisam estar acima de qualquer f\u00faria dos pe\u00f5es. Nesta quinta (13), Adriane Galisteu aproveitou uma pauta levantada no Deck para deixar isso ainda mais claro para os competidores. <\/p>\n<ul class=\"b-article-body__list-unordered\">\n<li><b>Quer ficar por dentro de tudo que est\u00e1 acontecendo em\u00a0<\/b><b>A Fazenda 17<\/b><b>?\u00a0<\/b><a href=\"https:\/\/www.whatsapp.com\/channel\/0029Va2cJIR1noz2ahzX0D1N\" target=\"_blank\" rel=\"noreferrer nofollow noopener\" title=\"https:\/\/www.whatsapp.com\/channel\/0029Va2cJIR1noz2ahzX0D1N\"><b>Clique aqui<\/b><\/a><b>\u00a0e fa\u00e7a parte do nosso canal no WhatsApp!<\/b><\/li>\n<\/ul>\n<p class=\"jarvics:base-text-neutral-high-400 base-text-[calc(theme(fontSize.xs)_*_var(--font-size,_1))] base-font-normal base-font-primary base-text-neutral-low-500 base-text-left\">Ap\u00f3s <a href=\"https:\/\/record.r7.com\/a-fazenda\/a-fazenda-17\/peoes\/matheus-martins\" target=\"_self\" rel=\"nofollow noopener\" title=\"https:\/\/record.r7.com\/a-fazenda\/a-fazenda-17\/peoes\/matheus-martins\"><b>Matheus Martins<\/b><\/a> acusar <a href=\"https:\/\/record.r7.com\/a-fazenda\/a-fazenda-17\/peoes\/saory-cardoso\" target=\"_self\" rel=\"nofollow noopener\" title=\"https:\/\/record.r7.com\/a-fazenda\/a-fazenda-17\/peoes\/saory-cardoso\"><b>Saory Cardoso<\/b><\/a> de <a href=\"https:\/\/record.r7.com\/a-fazenda\/a-fazenda-17\/novidades\/barracos-em-sequencia-incendeiam-a-sede-de-a-fazenda-com-direito-a-xingamentos-e-acusacoes-13112025\/\" target=\"_self\" rel=\"nofollow noopener\" title=\"https:\/\/record.r7.com\/a-fazenda\/a-fazenda-17\/novidades\/barracos-em-sequencia-incendeiam-a-sede-de-a-fazenda-com-direito-a-xingamentos-e-acusacoes-13112025\/\"><b>agredir<\/b><\/a> <a href=\"https:\/\/record.r7.com\/a-fazenda\/a-fazenda-17\/peoes\/rayane-figliuzzi\" target=\"_self\" rel=\"nofollow noopener\" title=\"https:\/\/record.r7.com\/a-fazenda\/a-fazenda-17\/peoes\/rayane-figliuzzi\"><b>Rayane Figliuzzi<\/b><\/a>, a apresentadora interviu e mostrou que o reality rural n\u00e3o \u00e9 bagun\u00e7a. <\/p>\n<p class=\"jarvics:base-text-neutral-high-400 base-text-[calc(theme(fontSize.xs)_*_var(--font-size,_1))] base-font-normal base-font-primary base-text-neutral-low-500 base-text-left\">\u201cA Saory pegou o regador e bateu no bra\u00e7o da Ray. Desrespeitou totalmente o programa\u201d, disparou o modelo quando questionado quem mais o decepcionou na sede. <\/p>\n<p class=\"jarvics:base-text-neutral-high-400 base-text-[calc(theme(fontSize.xs)_*_var(--font-size,_1))] base-font-normal base-font-primary base-text-neutral-low-500 base-text-left\">Com isso, Galisteu mandou ver no recado: \u201cAproveitando que voc\u00ea tocou nesse assunto, eu j\u00e1 disse e vou repetir: a gente est\u00e1 de olho em tudo que acontece a\u00ed dentro. Sempre que for necess\u00e1rio, vamos intervir como j\u00e1 fizemos v\u00e1rias vezes. Vimos que a Saory provocou, mas a Ray tamb\u00e9m colocou a pr\u00f3pria integridade f\u00edsica em risco pondo a m\u00e3o em baixo do regador\u201d. <\/p>\n<p class=\"jarvics:base-text-neutral-high-400 base-text-[calc(theme(fontSize.xs)_*_var(--font-size,_1))] base-font-normal base-font-primary base-text-neutral-low-500 base-text-left\">Na sede, os integrantes da Equipe Total fizeram uma festa com o an\u00fancio e come\u00e7ou um bate-boca entre a dentista e a empres\u00e1ria. A apresentadora chamou a aten\u00e7\u00e3o das duas e continuou: <\/p>\n<p class=\"jarvics:base-text-neutral-high-400 base-text-[calc(theme(fontSize.xs)_*_var(--font-size,_1))] base-font-normal base-font-primary base-text-neutral-low-500 base-text-left\">\u201cTurma, cuidado. O que estou falando \u00e9 muito s\u00e9rio, n\u00e3o \u00e9 para ficar testando o limite da produ\u00e7\u00e3o e nem o de voc\u00eas. A gente entende o embate, mas A Fazenda n\u00e3o \u00e9 sobre isso. Se cada um se preocupar em respeitar as regras do jogo, a gente vai longe. Uma hora, podem perder a m\u00e3o\u201d. <\/p>\n<p><b>Se liga: <\/b><\/p>\n<p class=\"jarvics:base-text-neutral-high-400 base-text-[calc(theme(fontSize.xs)_*_var(--font-size,_1))] base-font-normal base-font-primary base-text-neutral-low-500 base-text-left\">Pelo visto, a mensagem causou ainda mais tens\u00e3o entre os pe\u00f5es, que armaram mais um barraco na sede. <\/p>\n<p class=\"jarvics:base-text-neutral-high-400 base-text-[calc(theme(fontSize.xs)_*_var(--font-size,_1))] base-font-normal base-font-primary base-text-neutral-low-500 base-text-left\">Fique ligado! <a href=\"https:\/\/record.r7.com\/a-fazenda\/a-fazenda-17\/\" rel=\"nofollow noopener\" title=\"https:\/\/record.r7.com\/a-fazenda\/a-fazenda-17\/\" target=\"_blank\"><b>A Fazenda 17<\/b><\/a> vai ao ar de segunda a domingo, \u00e0s 22h30, na tela da <a href=\"https:\/\/record.r7.com\/\" rel=\"nofollow noopener\" target=\"_blank\"><b>RECORD<\/b><\/a>. Assine o <a href=\"https:\/\/www.recordplus.com\/home\" rel=\"nofollow noopener\" title=\"https:\/\/www.recordplus.com\/home\" target=\"_blank\"><b>RecordPlus<\/b><\/a> e tenha acesso \u00e0s c\u00e2meras 24 horas.<\/p>\n<p><b>Vingan\u00e7a! Saory Cardoso coloca rivais nos tratos mais dif\u00edceis e treta estoura<\/b><\/p>\n<p class=\"jarvics:base-text-neutral-high-400 base-text-[calc(theme(fontSize.xxs)_*_var(--font-size,_1))] base-font-semibold base-font-primary base-text-neutral-low-500 base-text-left\">A Fazenda 17 est\u00e1 sob novo comando! Saory Cardoso venceu a Prova do fazendeiro e se tornou Fazendeira pela primeira vez na temporada. Na delega\u00e7\u00e3o, aproveitou para se vingar de duas das suas maiores rivais, e ap\u00f3s o trato, uma briga agitou a sede. Se liga!<\/p>\n","protected":false},"excerpt":{"rendered":"Parece que a rivalidade entre Ray e Saory n\u00e3o tem mais volta Reprodu\u00e7\u00e3o\/RECORD Apesar de todo o fogo&hellip;\n","protected":false},"author":2,"featured_media":151471,"comment_status":"","ping_status":"","sticky":false,"template":"","format":"standard","meta":{"footnotes":""},"categories":[145],"tags":[657,3433,211,210,114,115,32,33,15359,21259],"class_list":{"0":"post-151470","1":"post","2":"type-post","3":"status-publish","4":"format-standard","5":"has-post-thumbnail","7":"category-celebridades","8":"tag-a-fazenda","9":"tag-adriane-galisteu","10":"tag-celebridades","11":"tag-celebrities","12":"tag-entertainment","13":"tag-entretenimento","14":"tag-portugal","15":"tag-pt","16":"tag-rayane-figliuzzi","17":"tag-saory-cardoso"},"share_on_mastodon":{"url":"https:\/\/pubeurope.com\/@pt\/115547159075086516","error":""},"_links":{"self":[{"href":"https:\/\/www.europesays.com\/pt\/wp-json\/wp\/v2\/posts\/151470","targetHints":{"allow":["GET"]}}],"collection":[{"href":"https:\/\/www.europesays.com\/pt\/wp-json\/wp\/v2\/posts"}],"about":[{"href":"https:\/\/www.europesays.com\/pt\/wp-json\/wp\/v2\/types\/post"}],"author":[{"embeddable":true,"href":"https:\/\/www.europesays.com\/pt\/wp-json\/wp\/v2\/users\/2"}],"replies":[{"embeddable":true,"href":"https:\/\/www.europesays.com\/pt\/wp-json\/wp\/v2\/comments?post=151470"}],"version-history":[{"count":0,"href":"https:\/\/www.europesays.com\/pt\/wp-json\/wp\/v2\/posts\/151470\/revisions"}],"wp:featuredmedia":[{"embeddable":true,"href":"https:\/\/www.europesays.com\/pt\/wp-json\/wp\/v2\/media\/151471"}],"wp:attachment":[{"href":"https:\/\/www.europesays.com\/pt\/wp-json\/wp\/v2\/media?parent=151470"}],"wp:term":[{"taxonomy":"category","embeddable":true,"href":"https:\/\/www.europesays.com\/pt\/wp-json\/wp\/v2\/categories?post=151470"},{"taxonomy":"post_tag","embeddable":true,"href":"https:\/\/www.europesays.com\/pt\/wp-json\/wp\/v2\/tags?post=151470"}],"curies":[{"name":"wp","href":"https:\/\/api.w.org\/{rel}","templated":true}]}}