{"id":151474,"date":"2025-11-14T08:50:45","date_gmt":"2025-11-14T08:50:45","guid":{"rendered":"https:\/\/www.europesays.com\/pt\/151474\/"},"modified":"2025-11-14T08:50:45","modified_gmt":"2025-11-14T08:50:45","slug":"adeus-russia-este-pais-da-ue-descobriu-uma-das-maiores-reservas-de-petroleo-da-historia-e-pode-ameacar-hegemonia-russa","status":"publish","type":"post","link":"https:\/\/www.europesays.com\/pt\/151474\/","title":{"rendered":"Adeus R\u00fassia? Este pa\u00eds da UE descobriu uma das maiores reservas de petr\u00f3leo da hist\u00f3ria e pode &#8216;amea\u00e7ar&#8217; hegemonia russa"},"content":{"rendered":"<p><strong>Uma das maiores reservas de petr\u00f3leo da \u00faltima d\u00e9cada foi recentemente destacada no mar B\u00e1ltico e promete alterar de forma vis\u00edvel o panorama energ\u00e9tico europeu. A descoberta, feita pela Central European Petroleum (CEP), coloca a Pol\u00f3nia sob aten\u00e7\u00e3o renovada e reacende quest\u00f5es sobre o futuro do abastecimento de crude e g\u00e1s natural no continente, numa altura em que a Europa tenta estabilizar os mercados ap\u00f3s meses de instabilidade.<\/strong><\/p>\n<p>O novo campo, designado Wolin Este 1, continua a ser apontado como o maior da hist\u00f3ria polaca e um dos mais significativos da Europa nos \u00faltimos anos. Situado a apenas seis quil\u00f3metros do porto de \u015awinouj\u015bcie, no noroeste da Pol\u00f3nia, poder\u00e1 conter at\u00e9 240 milh\u00f5es de barris de petr\u00f3leo e 27 mil milh\u00f5es de metros c\u00fabicos de g\u00e1s natural, segundo estimativas atualizadas que se mant\u00eam v\u00e1lidas em novembro de 2025.<\/p>\n<p>S\u00f3 o bloco perfurado guarda cerca de 150 milh\u00f5es de barris e 5 mil milh\u00f5es de metros c\u00fabicos de g\u00e1s, um salto not\u00e1vel para um pa\u00eds cuja produ\u00e7\u00e3o di\u00e1ria permanece abaixo dos 20 mil barris, de acordo com o jornal digital espanhol Noticias Trabajo. Nos \u00faltimos dias, respons\u00e1veis do setor confirmaram que estas proje\u00e7\u00f5es continuam a ser consideradas realistas.<\/p>\n<p>Com esta descoberta, as reservas provadas de petr\u00f3leo da Pol\u00f3nia, atualmente estimadas em 147 milh\u00f5es de barris, poder\u00e3o praticamente duplicar. Embora n\u00e3o garanta autossufici\u00eancia energ\u00e9tica, especialistas citados pela mesma fonte sublinham que o impacto estrat\u00e9gico \u00e9 evidente: o consumo interno poder\u00e1 ficar assegurado durante um ano inteiro e o pa\u00eds refor\u00e7a a ambi\u00e7\u00e3o de se tornar exportador regional.<\/p>\n<p class=\"has-medium-font-size\"><strong>Um novo \u2018ator\u2019 no xadrez energ\u00e9tico europeu<\/strong><\/p>\n<p>A descoberta desta que \u00e9 uma das maiores reservas de petr\u00f3leo da Europa surge num per\u00edodo marcado pela oscila\u00e7\u00e3o dos pre\u00e7os da energia, pelos efeitos prolongados da guerra na Ucr\u00e2nia e pelo esfor\u00e7o da Uni\u00e3o Europeia em reduzir depend\u00eancias externas. At\u00e9 agora dependente sobretudo da Noruega e da R\u00fassia, a Pol\u00f3nia ganha nova margem para desempenhar um papel mais relevante na matriz energ\u00e9tica europeia, refor\u00e7ando a posi\u00e7\u00e3o que tem consolidado desde o in\u00edcio de 2025.<\/p>\n<p>Para o CEO da CEP, Rolf G. Skaar, o achado mant\u00e9m-se \u201chist\u00f3rico\u201d tanto para a empresa como para o setor energ\u00e9tico polaco. Segundo o respons\u00e1vel, o campo de Wolin Este representa uma \u201coportunidade conjunta para desbloquear o potencial geol\u00f3gico e energ\u00e9tico do mar B\u00e1ltico\u201d, declara\u00e7\u00e3o que voltou a repetir recentemente num f\u00f3rum energ\u00e9tico em Copenhaga.<\/p>\n<p>A perfura\u00e7\u00e3o foi realizada com recurso a uma plataforma jack-up instalada em \u00e1guas rasas de 9,5 metros, atingindo os 2.715 metros verticais. \u00c9 uma opera\u00e7\u00e3o tecnicamente exigente, mas considerada economicamente vi\u00e1vel, fator que poder\u00e1 acelerar o avan\u00e7o do projeto, segundo a fonte inicialmente citada. Em 2025, a CEP confirmou que est\u00e1 a aprofundar estudos de produtividade nos estratos inferiores.<\/p>\n<p class=\"has-medium-font-size\"><strong>Potencial de expans\u00e3o e interesse internacional<\/strong><\/p>\n<p>O bloco explorado encontra-se numa concess\u00e3o muito mais ampla, com 593 quil\u00f3metros quadrados, onde poder\u00e3o existir outros dep\u00f3sitos de relevo. O cen\u00e1rio faz lembrar o modelo noruegu\u00eas, onde uma descoberta inicial gerou uma s\u00e9rie de achados menores, criando um polo energ\u00e9tico altamente competitivo, de acordo com a mesma fonte.<\/p>\n<p>O potencial desperta cada vez maior interesse internacional. No entanto, a CEP e o governo polaco ainda n\u00e3o divulgaram um calend\u00e1rio oficial de explora\u00e7\u00e3o, nem detalhes sobre o investimento necess\u00e1rio ou uma eventual parceria com grandes petrol\u00edferas globais. Este m\u00eas, fontes governamentais admitiram que decorrem negocia\u00e7\u00f5es preliminares.<\/p>\n<p class=\"has-medium-font-size\"><strong>Reservas estrat\u00e9gicas ou exporta\u00e7\u00e3o?<\/strong><\/p>\n<p>Um dos pontos ainda em aberto prende-se com o destino do crude. A Pol\u00f3nia poder\u00e1 optar por reservar a produ\u00e7\u00e3o para refor\u00e7ar a seguran\u00e7a energ\u00e9tica interna ou avan\u00e7ar para a exporta\u00e7\u00e3o, respondendo \u00e0 procura europeia por alternativas ao fornecimento russo. At\u00e9 ao momento, n\u00e3o existe uma decis\u00e3o pol\u00edtica definitiva.<\/p>\n<p>O impacto nos pre\u00e7os da energia depender\u00e1 da escala da opera\u00e7\u00e3o e da rapidez com que avancem as fases de refina\u00e7\u00e3o e distribui\u00e7\u00e3o. O governo reiterou este m\u00eas que qualquer efeito no mercado ser\u00e1 gradual e depender\u00e1 de autoriza\u00e7\u00f5es ambientais e da constru\u00e7\u00e3o de nova infraestrutura.<\/p>\n<p class=\"has-medium-font-size\"><strong>Desafios ambientais e compromissos clim\u00e1ticos<\/strong><\/p>\n<p>Apesar do entusiasmo, surgem preocupa\u00e7\u00f5es ambientais, refere a mesma fonte. N\u00e3o existem ainda estudos p\u00fablicos completos sobre o impacto potencial no ecossistema do mar B\u00e1ltico, uma zona j\u00e1 sens\u00edvel do ponto de vista ecol\u00f3gico. Al\u00e9m disso, Vars\u00f3via ter\u00e1 de compatibilizar este projeto com os compromissos clim\u00e1ticos assumidos no quadro europeu, tema que voltou \u00e0s discuss\u00f5es este m\u00eas.<\/p>\n<p>A descoberta refor\u00e7a a posi\u00e7\u00e3o geoestrat\u00e9gica da Pol\u00f3nia. A possibilidade de se tornar produtora e fornecedora de energia num contexto marcado pela instabilidade faz de Vars\u00f3via um protagonista emergente no setor.<\/p>\n<p class=\"has-medium-font-size\"><strong>Impacto regional e efeito domin\u00f3<\/strong><\/p>\n<p>Os reflexos poder\u00e3o atingir os pa\u00edses vizinhos. Os Estados b\u00e1lticos, a Alemanha e at\u00e9 parte da Escandin\u00e1via poder\u00e3o beneficiar de um novo ponto de origem energ\u00e9tica ou, pelo menos, de menor press\u00e3o sobre os mercados, especialmente se a produ\u00e7\u00e3o avan\u00e7ar at\u00e9 ao final desta d\u00e9cada.<\/p>\n<p>Para analistas citados pela imprensa europeia, o efeito domin\u00f3 \u00e9 praticamente inevit\u00e1vel, abrindo espa\u00e7o a novas din\u00e2micas no abastecimento europeu. Contudo, a grande inc\u00f3gnita continua a ser a velocidade com que a CEP conseguir\u00e1 transformar o potencial desta que \u00e9 uma das maiores reservas de petr\u00f3leo da Europa em produ\u00e7\u00e3o efetiva. Embora n\u00e3o redesenhe imediatamente o mapa energ\u00e9tico europeu, a dimens\u00e3o da descoberta coloca a Pol\u00f3nia numa posi\u00e7\u00e3o in\u00e9dita, refere ainda o <a href=\"https:\/\/noticiastrabajo.huffingtonpost.es\/\" target=\"_blank\" rel=\"noreferrer noopener nofollow\">Noticias Trabajo<\/a>. De cliente passa a potencial fornecedor, alterando equil\u00edbrios estabelecidos durante d\u00e9cadas.<\/p>\n<p class=\"has-medium-font-size\"><strong>Hist\u00f3ria do petr\u00f3leo<\/strong><\/p>\n<p>Um dado curioso \u00e9 que o petr\u00f3leo n\u00e3o \u00e9 um recurso recente na hist\u00f3ria da humanidade: j\u00e1 era utilizado na Antiguidade, com registos de uso na Mesopot\u00e2mia h\u00e1 mais de 5.000 anos. Na altura, servia sobretudo para impermeabilizar barcos e estruturas, muito antes de se tornar o motor da economia moderna.<\/p>\n<p>Outra curiosidade interessante \u00e9 que algumas das primeiras perfura\u00e7\u00f5es modernas, no s\u00e9culo XIX, produziam quantidades m\u00ednimas quando comparadas com as estimativas atuais de Wolin Este, ilustrando a evolu\u00e7\u00e3o tecnol\u00f3gica que moldou toda a ind\u00fastria energ\u00e9tica.<\/p>\n<p><strong>Leia tamb\u00e9m: <a href=\"https:\/\/postal.pt\/economia\/adeus-reforma-a-horas-cidadaos-nascidos-depois-desta-data-so-se-vao-poder-reformar-aos-70-anos-neste-pais-da-uniao-europeia\/\" rel=\"nofollow noopener\" target=\"_blank\">Adeus reforma \u2018a horas\u2019? Cidad\u00e3os nascidos depois desta data s\u00f3 se v\u00e3o poder reformar aos 70 anos neste pa\u00eds da Uni\u00e3o Europeia<\/a><\/strong><\/p>\n","protected":false},"excerpt":{"rendered":"Uma das maiores reservas de petr\u00f3leo da \u00faltima d\u00e9cada foi recentemente destacada no mar B\u00e1ltico e promete alterar&hellip;\n","protected":false},"author":2,"featured_media":151475,"comment_status":"","ping_status":"","sticky":false,"template":"","format":"standard","meta":{"footnotes":""},"categories":[83],"tags":[88,89,90,32,33],"class_list":{"0":"post-151474","1":"post","2":"type-post","3":"status-publish","4":"format-standard","5":"has-post-thumbnail","7":"category-empresas","8":"tag-business","9":"tag-economy","10":"tag-empresas","11":"tag-portugal","12":"tag-pt"},"share_on_mastodon":{"url":"https:\/\/pubeurope.com\/@pt\/115547198271751233","error":""},"_links":{"self":[{"href":"https:\/\/www.europesays.com\/pt\/wp-json\/wp\/v2\/posts\/151474","targetHints":{"allow":["GET"]}}],"collection":[{"href":"https:\/\/www.europesays.com\/pt\/wp-json\/wp\/v2\/posts"}],"about":[{"href":"https:\/\/www.europesays.com\/pt\/wp-json\/wp\/v2\/types\/post"}],"author":[{"embeddable":true,"href":"https:\/\/www.europesays.com\/pt\/wp-json\/wp\/v2\/users\/2"}],"replies":[{"embeddable":true,"href":"https:\/\/www.europesays.com\/pt\/wp-json\/wp\/v2\/comments?post=151474"}],"version-history":[{"count":0,"href":"https:\/\/www.europesays.com\/pt\/wp-json\/wp\/v2\/posts\/151474\/revisions"}],"wp:featuredmedia":[{"embeddable":true,"href":"https:\/\/www.europesays.com\/pt\/wp-json\/wp\/v2\/media\/151475"}],"wp:attachment":[{"href":"https:\/\/www.europesays.com\/pt\/wp-json\/wp\/v2\/media?parent=151474"}],"wp:term":[{"taxonomy":"category","embeddable":true,"href":"https:\/\/www.europesays.com\/pt\/wp-json\/wp\/v2\/categories?post=151474"},{"taxonomy":"post_tag","embeddable":true,"href":"https:\/\/www.europesays.com\/pt\/wp-json\/wp\/v2\/tags?post=151474"}],"curies":[{"name":"wp","href":"https:\/\/api.w.org\/{rel}","templated":true}]}}