{"id":151476,"date":"2025-11-14T08:51:17","date_gmt":"2025-11-14T08:51:17","guid":{"rendered":"https:\/\/www.europesays.com\/pt\/151476\/"},"modified":"2025-11-14T08:51:17","modified_gmt":"2025-11-14T08:51:17","slug":"no-tiroteio-politico-apos-operacao-policial-no-rio-lula-da-tiro-no-pe-diario-de-noticias","status":"publish","type":"post","link":"https:\/\/www.europesays.com\/pt\/151476\/","title":{"rendered":"No tiroteio pol\u00edtico ap\u00f3s opera\u00e7\u00e3o policial no Rio, Lula d\u00e1 tiro no p\u00e9 &#8211; Di\u00e1rio de Not\u00edcias"},"content":{"rendered":"<ol>\n<li><a href=\"https:\/\/news.google.com\/rss\/articles\/CBMimwFBVV95cUxOMzFBQ0pmbm1NWTE5M0JYMXNRb1kxSHhBTnpobG0weGgxVHozUlVxNUhMQnp1ZjhNNGdzQllLRlhXZzB6SFJ0WWF0cnFnWURYejdRZWN6VnRFOVVFX3luck1qRGJScXJkRHRRZk5QU3IwWENrUFBYUkNLSWROUFFRVXdfN0JWMzQ2LV9JMEZkX1ltU3ByUWp1TVNfMA?oc=5\" target=\"_blank\" rel=\"nofollow noopener\">No tiroteio pol\u00edtico ap\u00f3s opera\u00e7\u00e3o policial no Rio, Lula d\u00e1 tiro no p\u00e9<\/a>&nbsp;&nbsp;Di\u00e1rio de Not\u00edcias<\/li>\n<li><a href=\"https:\/\/news.google.com\/rss\/articles\/CBMiygFBVV95cUxNRlNmRzd3eDBMYVJaaXlYQ1d3WV9iQjFnS1YzNHQwaVpGT09PVjFBRVV5NWgzUEVkWWhubEdrR3RIdzhrTzRMTjlxakVBbFRQWGEwR05OR3FGQ2NWTDRtaFNzSzBlMS1BWHlDNXJ1Vmczb3NIS1FiWUNCOHlqYXZtRzZQc2gtQ25OblV3MHVCQk1sdlZCMnlyTmtpVkNvejV5aGRtUU1MVHRQeDg3OE8tb3AweldEWGlIWlV4SnFYN3d5M195Z2d1M1Rn0gHYAUFVX3lxTFBOc3J3enlkbkR1Z19FOGpaQk1VYlM4LXY2aVhrWlZiZThGYVJKWXdZaFJtYXlHYUs3eW9maFBUclg5YUoxMjY4UzlzUE9tblVxdU9Pc2l4dTVrYTQweVBjdFlGVGM2UlFNeGJwLXdEbWc1NWtWQTZFNkRjR2l6b1ZYUmxhN1RkVHc2MHdkbGF4NWo4RGVBdGlWT3FaeXZyclphei0ySnFLdm41RC1fRVo4Sk5lOVNiT0FDOGl4LXVfSWtWeDdVNTNaM3R1d0dMUC0zZ2JudEUweQ?oc=5\" target=\"_blank\" rel=\"nofollow noopener\">Mudan\u00e7a de tom de Lula sobre megaopera\u00e7\u00e3o no Rio foi &#8216;da cabe\u00e7a dele&#8217;<\/a>&nbsp;&nbsp;O Globo<\/li>\n<li><a href=\"https:\/\/news.google.com\/rss\/articles\/CBMirgFBVV95cUxPTk1FVzVWSGF3dHdWbTczUk9PTmktLTM1TmFVY092RlhQYl90SHB6bkhiSFNONmJSWjJLeW5XVXdFVnVKemxjSHhESFhxWE9tTDdxdGRHek1leEdYQ1BUcUNLUmZRYVpFLV9NR3VTdXRyNFVTdG85eE45ZFlINFFHUGthYmoxOTJ0N2MtQWY3YldPN0k5emRMSmhIQWc5d09aQjFLVG91dFU0bkJWS3c?oc=5\" target=\"_blank\" rel=\"nofollow noopener\">Zema critica Lula por fala sobre opera\u00e7\u00e3o no Rio: \u201cLament\u00e1vel\u201d<\/a>&nbsp;&nbsp;Metr\u00f3poles<\/li>\n<li><a href=\"https:\/\/news.google.com\/rss\/articles\/CBMikAFBVV95cUxQQ2FkOHV6X3U5YjFXTk1xa1VLSWR5Q0NteHZJd01sV1RsM1JrRlhoWGw4UEo2dE5OZEppNm1ja3NGenFlNmtSZXJVcHdFY21LbnJSb1MwcHBsTlo3M1c0ZkVueTRjMU4tZF92ZFV6YlNiVm8zZzJWY0lILUZudFdaZDI3WkQ0MUQtVHY5QzJJZko?oc=5\" target=\"_blank\" rel=\"nofollow noopener\">Improvisos de Lula agora s\u00e3o editados em tempo real<\/a>&nbsp;&nbsp;VEJA<\/li>\n<li><a href=\"https:\/\/news.google.com\/rss\/articles\/CBMimgFBVV95cUxNdVBRNWd3WExMdGF2dklna2tYWnNZd0x0OW9uMVJ5LVhINFVFWE52Q3NBNWJTR2djRURqaE9TSHBfX1RMeWhiQjc3ZkZZazUtMFJ0R0N0UjIxYVNESUlyaWlDYWlJNUFscjd2TWl0YUFpR2gyY3UwTk5SN1lqS2tLYjBLMi1xaXBLUzRnYU12Z2xkS2NGWEstZlBR?oc=5\" target=\"_blank\" rel=\"nofollow noopener\">A grande dist\u00e2ncia moral que separa Lula da imprensa brasileira<\/a>&nbsp;&nbsp;Brasil 247<\/li>\n<\/ol>\n","protected":false},"excerpt":{"rendered":"No tiroteio pol\u00edtico ap\u00f3s opera\u00e7\u00e3o policial no Rio, Lula d\u00e1 tiro no p\u00e9&nbsp;&nbsp;Di\u00e1rio de Not\u00edcias Mudan\u00e7a de tom&hellip;\n","protected":false},"author":2,"featured_media":151477,"comment_status":"","ping_status":"","sticky":false,"template":"","format":"standard","meta":{"footnotes":""},"categories":[50],"tags":[726,27,28,306,29824,15,16,14,82,25,26,21,22,62,12,13,19,20,23221,23,24,2326,17,18,29,30,31,63,64,65],"class_list":{"0":"post-151476","1":"post","2":"type-post","3":"status-publish","4":"format-standard","5":"has-post-thumbnail","7":"category-mundo","8":"tag-brasil","9":"tag-breaking-news","10":"tag-breakingnews","11":"tag-edicao-impressa","12":"tag-favelas","13":"tag-featured-news","14":"tag-featurednews","15":"tag-headlines","16":"tag-internacional","17":"tag-latest-news","18":"tag-latestnews","19":"tag-main-news","20":"tag-mainnews","21":"tag-mundo","22":"tag-news","23":"tag-noticias","24":"tag-noticias-principais","25":"tag-noticiasprincipais","26":"tag-operacao-policial","27":"tag-principais-noticias","28":"tag-principaisnoticias","29":"tag-rio-de-janeiro","30":"tag-top-stories","31":"tag-topstories","32":"tag-ultimas","33":"tag-ultimas-noticias","34":"tag-ultimasnoticias","35":"tag-world","36":"tag-world-news","37":"tag-worldnews"},"share_on_mastodon":{"url":"","error":"Validation failed: Text character limit of 500 exceeded"},"_links":{"self":[{"href":"https:\/\/www.europesays.com\/pt\/wp-json\/wp\/v2\/posts\/151476","targetHints":{"allow":["GET"]}}],"collection":[{"href":"https:\/\/www.europesays.com\/pt\/wp-json\/wp\/v2\/posts"}],"about":[{"href":"https:\/\/www.europesays.com\/pt\/wp-json\/wp\/v2\/types\/post"}],"author":[{"embeddable":true,"href":"https:\/\/www.europesays.com\/pt\/wp-json\/wp\/v2\/users\/2"}],"replies":[{"embeddable":true,"href":"https:\/\/www.europesays.com\/pt\/wp-json\/wp\/v2\/comments?post=151476"}],"version-history":[{"count":0,"href":"https:\/\/www.europesays.com\/pt\/wp-json\/wp\/v2\/posts\/151476\/revisions"}],"wp:featuredmedia":[{"embeddable":true,"href":"https:\/\/www.europesays.com\/pt\/wp-json\/wp\/v2\/media\/151477"}],"wp:attachment":[{"href":"https:\/\/www.europesays.com\/pt\/wp-json\/wp\/v2\/media?parent=151476"}],"wp:term":[{"taxonomy":"category","embeddable":true,"href":"https:\/\/www.europesays.com\/pt\/wp-json\/wp\/v2\/categories?post=151476"},{"taxonomy":"post_tag","embeddable":true,"href":"https:\/\/www.europesays.com\/pt\/wp-json\/wp\/v2\/tags?post=151476"}],"curies":[{"name":"wp","href":"https:\/\/api.w.org\/{rel}","templated":true}]}}