{"id":151480,"date":"2025-11-14T08:57:31","date_gmt":"2025-11-14T08:57:31","guid":{"rendered":"https:\/\/www.europesays.com\/pt\/151480\/"},"modified":"2025-11-14T08:57:31","modified_gmt":"2025-11-14T08:57:31","slug":"laura-acaba-tudo-com-oscar-espero-que-sofra-horrores-novelas","status":"publish","type":"post","link":"https:\/\/www.europesays.com\/pt\/151480\/","title":{"rendered":"Laura acaba tudo com \u00d3scar: \u00abEspero que sofra horrores\u00bb &#8211; Novelas"},"content":{"rendered":"<p>Em \u00abA Protegida\u00bb, Isabel (Sara Barradas) e \u00d3scar (Joaquim Horta) j\u00e1 contaram a Laura (Alexandra Lencastre) que s\u00e3o irm\u00e3os de Teresa (Sandra Faleiro) e que tentaram proteg\u00ea-la de Jorge (Paulo Pires). Laura fica revoltada por toda a gente lhe ter mentido. \u00d3scar diz que o que sente por ela \u00e9 verdadeiro. Laura espera bem que sim, para que possa sofrer horrores sem ela. Tudo o que iam viver, morreu ali. Laura vai embora revoltada, sob o olhar triste de \u00d3scar.<\/p>\n","protected":false},"excerpt":{"rendered":"Em \u00abA Protegida\u00bb, Isabel (Sara Barradas) e \u00d3scar (Joaquim Horta) j\u00e1 contaram a Laura (Alexandra Lencastre) que s\u00e3o&hellip;\n","protected":false},"author":2,"featured_media":151481,"comment_status":"","ping_status":"","sticky":false,"template":"","format":"standard","meta":{"footnotes":""},"categories":[142],"tags":[168,160,166,114,115,157,167,164,2931,161,158,165,159,32,33,156,163,151,162],"class_list":{"0":"post-151480","1":"post","2":"type-post","3":"status-publish","4":"format-standard","5":"has-post-thumbnail","7":"category-tv","8":"tag-a-protegida","9":"tag-ana-guiomar","10":"tag-cristina-ferreira","11":"tag-entertainment","12":"tag-entretenimento","13":"tag-festa-e-festa","14":"tag-ficcao","15":"tag-jose-fidalgo","16":"tag-novela","17":"tag-novelas","18":"tag-para-sempre","19":"tag-pedro-sousa","20":"tag-pedro-teixeira","21":"tag-portugal","22":"tag-pt","23":"tag-queridos-papas","24":"tag-tiago-teotonio-pereira","25":"tag-tv","26":"tag-tvi"},"share_on_mastodon":{"url":"https:\/\/pubeurope.com\/@pt\/115547225660935592","error":""},"_links":{"self":[{"href":"https:\/\/www.europesays.com\/pt\/wp-json\/wp\/v2\/posts\/151480","targetHints":{"allow":["GET"]}}],"collection":[{"href":"https:\/\/www.europesays.com\/pt\/wp-json\/wp\/v2\/posts"}],"about":[{"href":"https:\/\/www.europesays.com\/pt\/wp-json\/wp\/v2\/types\/post"}],"author":[{"embeddable":true,"href":"https:\/\/www.europesays.com\/pt\/wp-json\/wp\/v2\/users\/2"}],"replies":[{"embeddable":true,"href":"https:\/\/www.europesays.com\/pt\/wp-json\/wp\/v2\/comments?post=151480"}],"version-history":[{"count":0,"href":"https:\/\/www.europesays.com\/pt\/wp-json\/wp\/v2\/posts\/151480\/revisions"}],"wp:featuredmedia":[{"embeddable":true,"href":"https:\/\/www.europesays.com\/pt\/wp-json\/wp\/v2\/media\/151481"}],"wp:attachment":[{"href":"https:\/\/www.europesays.com\/pt\/wp-json\/wp\/v2\/media?parent=151480"}],"wp:term":[{"taxonomy":"category","embeddable":true,"href":"https:\/\/www.europesays.com\/pt\/wp-json\/wp\/v2\/categories?post=151480"},{"taxonomy":"post_tag","embeddable":true,"href":"https:\/\/www.europesays.com\/pt\/wp-json\/wp\/v2\/tags?post=151480"}],"curies":[{"name":"wp","href":"https:\/\/api.w.org\/{rel}","templated":true}]}}