{"id":151489,"date":"2025-11-14T09:15:16","date_gmt":"2025-11-14T09:15:16","guid":{"rendered":"https:\/\/www.europesays.com\/pt\/151489\/"},"modified":"2025-11-14T09:15:16","modified_gmt":"2025-11-14T09:15:16","slug":"predador-terras-selvagens-e-truque-de-mestre-3","status":"publish","type":"post","link":"https:\/\/www.europesays.com\/pt\/151489\/","title":{"rendered":"Predador Terras Selvagens e Truque de Mestre 3"},"content":{"rendered":"<p data-end=\"171\" data-start=\"0\">Chegou a vez de Predador cair nas garras da Disney, dizem os mais pessimistas sobre o lan\u00e7amento de <strong>Predador: Terras Selvagens<\/strong>, mas ser\u00e1 que \u00e9 isso mesmo que acontece? A criatura alien\u00edgena foi &#8220;Disneyficada&#8221;? Confira o epis\u00f3dio mais recente do podcast De Quinta: <strong data-end=\"113\" data-start=\"65\">\u201cNovo Predador e o Truque de Mestre da Disney&#8221;<\/strong>, com o apresentador Thiago Romariz recebendo Alexandre Almeida e Pedro H. Ribeiro, enquanto Guilherme Jacobs segue de f\u00e9rias.<\/p>\n<p data-end=\"656\" data-start=\"173\">Neste epis\u00f3dio, eles mergulham em\u00a0<strong>Predador: Terras Selvagens<\/strong>, novo filme dirigido por <strong>Dan Trachtenberg<\/strong>, que comandou Predador: A Ca\u00e7ada e Assassino de Assassinos, e debatem sobre a nova vis\u00e3o da criatura e o cinema de a\u00e7\u00e3o. Al\u00e9m dele, tamb\u00e9m abordam a grande estreia da semana: <strong data-end=\"425\" data-start=\"406\">Truque de Mestre: O 3\u00ba Ato<\/strong>, terceiro filme da franquia estrelada por <strong>Jesse Eisenberg<\/strong>, <strong>Woody Harrelson<\/strong>, <strong>Dave Franco<\/strong>, <strong>Morgan Freeman<\/strong> e <strong>Isla Fisher<\/strong>. Ent\u00e3o corre l\u00e1 e ouve agora!<\/p>\n<ul>\n<li><strong>Escute o podcast De Quinta com Thiago Romariz e Guilherme Jacobs<\/strong>\n<\/li>\n<\/ul>\n<p>            Continua depois da Publicidade<\/p>\n<p><strong>Tudo sobre o podcast De Quinta com Thiago Romariz e Guilherme Jacobs<\/strong><\/p>\n<p data-encore-id=\"text\" data-slate-node=\"element\">O <strong>De Quinta<\/strong> \u00e9 apresentado por <strong>Guilherme Jacobs<\/strong> e <strong>Thiago <\/strong><strong>Romariz<\/strong>, que trabalham juntos com cultura pop h\u00e1 10 anos, e finalmente decidiram colocar todas as suas conversas num local: sejam bem-vindos ao podcast De Quinta, que celebra a chegada de novos filmes toda quinta-feira falando do melhor do cinema e streaming. Esta semana, o podcast recebe a participa\u00e7\u00e3o de <strong>Alexandre Almeida <\/strong>e<strong> Pedro H. Ribeiro<\/strong>, rep\u00f3rteres do <strong>Omelete<\/strong>.<\/p>\n<p data-encore-id=\"text\" data-slate-node=\"element\"><strong>Redes do Jacobs<br \/><\/strong><a data-encore-id=\"textLink\" data-slate-inline=\"true\" data-slate-node=\"element\" href=\"https:\/\/instagram.com\/gjsix\" rel=\"nofollow noopener\" target=\"_blank\">https:\/\/instagram.com\/gjsix\u2060<br \/><\/a><a data-encore-id=\"textLink\" data-slate-inline=\"true\" data-slate-node=\"element\" href=\"https:\/\/letterboxd.com\/GuilhermeJ\" rel=\"nofollow noopener\" target=\"_blank\">https:\/\/letterboxd.com\/GuilhermeJ<br \/><\/a><a data-encore-id=\"textLink\" data-slate-inline=\"true\" data-slate-node=\"element\" href=\"https:\/\/x.com\/ghostjacobs\" rel=\"nofollow\">https:\/\/x.com\/ghostjacobs\u2060<\/a>\u00a0<\/p>\n<p data-encore-id=\"text\" data-slate-node=\"element\"><strong>Redes do Romariz<br \/><\/strong><a data-encore-id=\"textLink\" data-slate-inline=\"true\" data-slate-node=\"element\" href=\"https:\/\/instagram.com\/thiagoromariz\" rel=\"nofollow noopener\" target=\"_blank\">https:\/\/instagram.com\/thiagoromariz\u2060<br \/><\/a><a href=\"https:\/\/x.com\/thiagoromariz\" rel=\"nofollow\">https:\/\/x.com\/thiagoromariz<\/a><\/p>\n<p><strong>Redes do Alexandre<\/strong><br \/><a data-encore-id=\"textLink\" data-slate-inline=\"true\" data-slate-node=\"element\" href=\"https:\/\/instagram.com\/gjsix\" rel=\"nofollow noopener\" target=\"_blank\">https:\/\/instagram.com\/acmalmeida<br \/><\/a><a href=\"https:\/\/letterboxd.com\/GuilhermeJ\" rel=\"nofollow noopener\" target=\"_blank\">https:\/\/letterboxd.com\/acmalmeida<\/a><br \/><a href=\"https:\/\/x.com\/acmalmeida2\" rel=\"nofollow\">https:\/\/x.com\/acmalmeida2<\/a><\/p>\n<p data-encore-id=\"text\" data-slate-node=\"element\">Redes do Pedrinho<br \/><a data-encore-id=\"textLink\" data-slate-inline=\"true\" data-slate-node=\"element\" href=\"https:\/\/instagram.com\/gjsix\" rel=\"nofollow noopener\" target=\"_blank\">https:\/\/instagram.com\/oiphribeiro<\/a><br \/><a href=\"https:\/\/x.com\/oiphribeiro\" rel=\"nofollow\">https:\/\/x.com\/oiphribeiro<\/a><br \/><a href=\"https:\/\/letterboxd.com\/oiphribeiro\/\" rel=\"nofollow noopener\" target=\"_blank\">https:\/\/letterboxd.com\/oiphribeiro\/<\/a><\/p>\n<p><script async src=\"\/\/www.instagram.com\/embed.js\"><\/script><\/p>\n","protected":false},"excerpt":{"rendered":"Chegou a vez de Predador cair nas garras da Disney, dizem os mais pessimistas sobre o lan\u00e7amento de&hellip;\n","protected":false},"author":2,"featured_media":151490,"comment_status":"","ping_status":"","sticky":false,"template":"","format":"standard","meta":{"footnotes":""},"categories":[140],"tags":[114,115,147,148,146,32,33],"class_list":{"0":"post-151489","1":"post","2":"type-post","3":"status-publish","4":"format-standard","5":"has-post-thumbnail","7":"category-filmes","8":"tag-entertainment","9":"tag-entretenimento","10":"tag-film","11":"tag-filmes","12":"tag-movies","13":"tag-portugal","14":"tag-pt"},"share_on_mastodon":{"url":"https:\/\/pubeurope.com\/@pt\/115547296637181326","error":""},"_links":{"self":[{"href":"https:\/\/www.europesays.com\/pt\/wp-json\/wp\/v2\/posts\/151489","targetHints":{"allow":["GET"]}}],"collection":[{"href":"https:\/\/www.europesays.com\/pt\/wp-json\/wp\/v2\/posts"}],"about":[{"href":"https:\/\/www.europesays.com\/pt\/wp-json\/wp\/v2\/types\/post"}],"author":[{"embeddable":true,"href":"https:\/\/www.europesays.com\/pt\/wp-json\/wp\/v2\/users\/2"}],"replies":[{"embeddable":true,"href":"https:\/\/www.europesays.com\/pt\/wp-json\/wp\/v2\/comments?post=151489"}],"version-history":[{"count":0,"href":"https:\/\/www.europesays.com\/pt\/wp-json\/wp\/v2\/posts\/151489\/revisions"}],"wp:featuredmedia":[{"embeddable":true,"href":"https:\/\/www.europesays.com\/pt\/wp-json\/wp\/v2\/media\/151490"}],"wp:attachment":[{"href":"https:\/\/www.europesays.com\/pt\/wp-json\/wp\/v2\/media?parent=151489"}],"wp:term":[{"taxonomy":"category","embeddable":true,"href":"https:\/\/www.europesays.com\/pt\/wp-json\/wp\/v2\/categories?post=151489"},{"taxonomy":"post_tag","embeddable":true,"href":"https:\/\/www.europesays.com\/pt\/wp-json\/wp\/v2\/tags?post=151489"}],"curies":[{"name":"wp","href":"https:\/\/api.w.org\/{rel}","templated":true}]}}