{"id":151493,"date":"2025-11-14T09:24:15","date_gmt":"2025-11-14T09:24:15","guid":{"rendered":"https:\/\/www.europesays.com\/pt\/151493\/"},"modified":"2025-11-14T09:24:15","modified_gmt":"2025-11-14T09:24:15","slug":"nicole-bahls-revela-qual-sua-principal-fonte-de-renda","status":"publish","type":"post","link":"https:\/\/www.europesays.com\/pt\/151493\/","title":{"rendered":"Nicole Bahls revela qual sua principal fonte de renda"},"content":{"rendered":"<p>A apresentadora <a href=\"https:\/\/caras.com.br\/tags\/nicole-bahls\" rel=\"nofollow noopener\" target=\"_blank\"><strong>Nicole Bahls<\/strong><\/a>, ex-participante do Dan\u00e7a dos Famosos, surpreendeu seus f\u00e3s nesta semana. A famosa participou do podcast PodS\u00ea, comandado por <strong>Gil do Vigor<\/strong>, e revelou qual sua maior fonte de renda atualmente.<\/p>\n<p>A famosa destacou que sua vida vem da renda gerada atrav\u00e9s da venda de ovos e leite de seu s\u00edtio, no Rio de Janeiro. \u201cEu vivo da venda dos ovos das galinhas e do leite, e todo dinheiro da publicidade eu guardo\u201d, disse ela durante o bate papo. \u201cMeu luxo \u00e9 ficar com meus bichinhos\u201d, completou ela.<\/p>\n<p>O s\u00edtio de Nicole Bahls<\/p>\n<p>O s\u00edtio da famosa n\u00e3o \u00e9 uma conquista antiga, a ex-modelo comprou o local em 2019, ap\u00f3s vencer o reality show Power Couple. Com o pr\u00eamio de meio milh\u00e3o de reais e suas economias, Nicole Bahls investiu em um im\u00f3vel de 20 mil m\u00b2 em Itabora\u00ed, na regi\u00e3o metropolitana do Rio de Janeiro.<\/p>\n<p>De acordo com ela, a compra foi um sonho sendo realizado, motivada pelo seu amor pela natureza e a busca pela reconex\u00e3o com suas mem\u00f3rias da inf\u00e2ncia. O s\u00edtio de Nicole pode ser considerado luxuoso, com direito a energia solar, po\u00e7o artesiano e animais variados. Apenas com ra\u00e7\u00f5es e cuidados com os bichinhos, a ex-participante do Dan\u00e7a dos Famosos investe cerca de R$ 15 mil por m\u00eas.<\/p>\n<p>Na \u00e9poca da aquisi\u00e7\u00e3o, a ex-modelo chegou a ficar endividada e revelou que trabalhou com panfletagem recebendo R$30. \u201cEu tinha umas economias, inteirei e botei 100% ali no terreno do meu s\u00edtio. Eu fiquei \u2018durinha\u2019, mas investi tudo no terreno\u201d, relembrou a famosa. \u201cNome sujo \u00e9 s\u00f3 uma fase, depois a gente limpa\u201d, completou ela.<\/p>\n<p>Nicole Bahls se pronuncia ap\u00f3s ser eliminada da Dan\u00e7a dos Famosos<\/p>\n<p>No \u00faltimo domingo, 9, a apresentadora <a href=\"https:\/\/caras.com.br\/tv\/nicole-bahls-se-manifesta-apos-ser-eliminada-da-danca-dos-famosos-nem-sempre.phtml\" rel=\"nofollow noopener\" target=\"_blank\">Nicole Bahls foi eliminada do Dan\u00e7a dos Famosos<\/a>, quadro do Doming\u00e3o com Huck, da rede Globo. No dia seguinte, a famosa utilizou suas redes sociais para se pronunciar sobre sua sa\u00edda do programa.<\/p>\n<p>\u201cPassando aqui para agradecer a todas as mensagens de carinho e apoio. Nem sempre o nosso lugar \u00e9 o primeiro lugar, mas t\u00e1 tudo bem. \u00c9 o nosso lugar, \u00e9 o que Deus reservou pra gente. \u00c0s vezes n\u00e3o \u00e9 o primeiro lugar, mas era o que Deus tinha reservado pra gente. Ent\u00e3o eu sempre compreendo, agrade\u00e7o a Deus\u201d, disse ela em seus stories.<\/p>\n<p><strong>Leia tamb\u00e9m:\u00a0<\/strong><a href=\"https:\/\/caras.com.br\/tv\/sabrina-sato-relembra-passado-dificil-com-nicole-bahls-tanta-humilhacao.phtml\" rel=\"nofollow noopener\" target=\"_blank\">Sabrina Sato relembra passado dif\u00edcil com Nicole Bahls: \u201cTanta humilha\u00e7\u00e3o\u201d<\/a><\/p>\n<p>        <a href=\"https:\/\/caras.com.br\/autor\/giovanna-f-campos\" rel=\"nofollow noopener\" target=\"_blank\">&#13;<br \/>\n          <img loading=\"lazy\" decoding=\"async\" alt=\"Giovanna F Campos\" src=\"https:\/\/www.europesays.com\/pt\/wp-content\/uploads\/2025\/09\/1758588909_721_525986578_1657136028311574_5510063872310493577_n-150x150.jpg\" class=\"avatar avatar-115 photo rounded-circle\" height=\"115\" width=\"115\"\/>        <\/a><\/p>\n<p>Giovanna F Campos \u00e9 estudante de jornalismo pela Faculdade C\u00e1sper L\u00edbero, apaixonada por entretenimento e literatura.<\/p>\n","protected":false},"excerpt":{"rendered":"A apresentadora Nicole Bahls, ex-participante do Dan\u00e7a dos Famosos, surpreendeu seus f\u00e3s nesta semana. A famosa participou do&hellip;\n","protected":false},"author":2,"featured_media":151494,"comment_status":"","ping_status":"","sticky":false,"template":"","format":"standard","meta":{"footnotes":""},"categories":[145],"tags":[211,210,114,115,32845,8759,8416,32,33,32846],"class_list":{"0":"post-151493","1":"post","2":"type-post","3":"status-publish","4":"format-standard","5":"has-post-thumbnail","7":"category-celebridades","8":"tag-celebridades","9":"tag-celebrities","10":"tag-entertainment","11":"tag-entretenimento","12":"tag-fonte-de-renda","13":"tag-luxo","14":"tag-nicole-bahls","15":"tag-portugal","16":"tag-pt","17":"tag-sitio"},"share_on_mastodon":{"url":"https:\/\/pubeurope.com\/@pt\/115547332054498449","error":""},"_links":{"self":[{"href":"https:\/\/www.europesays.com\/pt\/wp-json\/wp\/v2\/posts\/151493","targetHints":{"allow":["GET"]}}],"collection":[{"href":"https:\/\/www.europesays.com\/pt\/wp-json\/wp\/v2\/posts"}],"about":[{"href":"https:\/\/www.europesays.com\/pt\/wp-json\/wp\/v2\/types\/post"}],"author":[{"embeddable":true,"href":"https:\/\/www.europesays.com\/pt\/wp-json\/wp\/v2\/users\/2"}],"replies":[{"embeddable":true,"href":"https:\/\/www.europesays.com\/pt\/wp-json\/wp\/v2\/comments?post=151493"}],"version-history":[{"count":0,"href":"https:\/\/www.europesays.com\/pt\/wp-json\/wp\/v2\/posts\/151493\/revisions"}],"wp:featuredmedia":[{"embeddable":true,"href":"https:\/\/www.europesays.com\/pt\/wp-json\/wp\/v2\/media\/151494"}],"wp:attachment":[{"href":"https:\/\/www.europesays.com\/pt\/wp-json\/wp\/v2\/media?parent=151493"}],"wp:term":[{"taxonomy":"category","embeddable":true,"href":"https:\/\/www.europesays.com\/pt\/wp-json\/wp\/v2\/categories?post=151493"},{"taxonomy":"post_tag","embeddable":true,"href":"https:\/\/www.europesays.com\/pt\/wp-json\/wp\/v2\/tags?post=151493"}],"curies":[{"name":"wp","href":"https:\/\/api.w.org\/{rel}","templated":true}]}}