{"id":151495,"date":"2025-11-14T09:28:09","date_gmt":"2025-11-14T09:28:09","guid":{"rendered":"https:\/\/www.europesays.com\/pt\/151495\/"},"modified":"2025-11-14T09:28:09","modified_gmt":"2025-11-14T09:28:09","slug":"a-banda-acabou-em-1996","status":"publish","type":"post","link":"https:\/\/www.europesays.com\/pt\/151495\/","title":{"rendered":"&#8216;A banda acabou em 1996&#8217;"},"content":{"rendered":"\n<p class=\" content-text__container \" data-track-category=\"Link no Texto\" data-track-links=\"\"> &#8220;A Legi\u00e3o Urbana acabou em 1996. Isso foi dito por mim e pelo Dado numa coletiva e ponto, acabou. A quest\u00e3o \u00e9 que, no in\u00edcio dessa turn\u00ea, em 2015, a gravadora relan\u00e7ou o primeiro disco que se chama &#8216;Legi\u00e3o Urbana&#8217;. Ent\u00e3o o nome da turn\u00ea era o nome do disco porque a gente estava voltando e tal. A\u00ed, come\u00e7ou, enfim, essa coisa de ficarem na nossa cola, mas n\u00e3o tem problema nenhum. Eu nunca quis usar o nome da Legi\u00e3o, nunca precisei. Para mim acabou. A banda sempre foi com o Renato. Eu, Dado, Renato e o Negrete (apelido do m\u00fasico Renato Rocha) em algum momento&#8221;, disse Bonf\u00e1 em entrevista ao programa &#8220;Conex\u00f5es JBFM&#8221;. <\/p>\n","protected":false},"excerpt":{"rendered":"&#8220;A Legi\u00e3o Urbana acabou em 1996. Isso foi dito por mim e pelo Dado numa coletiva e ponto,&hellip;\n","protected":false},"author":2,"featured_media":151496,"comment_status":"","ping_status":"","sticky":false,"template":"","format":"standard","meta":{"footnotes":""},"categories":[141],"tags":[114,115,149,150,32,33],"class_list":{"0":"post-151495","1":"post","2":"type-post","3":"status-publish","4":"format-standard","5":"has-post-thumbnail","7":"category-musica","8":"tag-entertainment","9":"tag-entretenimento","10":"tag-music","11":"tag-musica","12":"tag-portugal","13":"tag-pt"},"share_on_mastodon":{"url":"https:\/\/pubeurope.com\/@pt\/115547347726318818","error":""},"_links":{"self":[{"href":"https:\/\/www.europesays.com\/pt\/wp-json\/wp\/v2\/posts\/151495","targetHints":{"allow":["GET"]}}],"collection":[{"href":"https:\/\/www.europesays.com\/pt\/wp-json\/wp\/v2\/posts"}],"about":[{"href":"https:\/\/www.europesays.com\/pt\/wp-json\/wp\/v2\/types\/post"}],"author":[{"embeddable":true,"href":"https:\/\/www.europesays.com\/pt\/wp-json\/wp\/v2\/users\/2"}],"replies":[{"embeddable":true,"href":"https:\/\/www.europesays.com\/pt\/wp-json\/wp\/v2\/comments?post=151495"}],"version-history":[{"count":0,"href":"https:\/\/www.europesays.com\/pt\/wp-json\/wp\/v2\/posts\/151495\/revisions"}],"wp:featuredmedia":[{"embeddable":true,"href":"https:\/\/www.europesays.com\/pt\/wp-json\/wp\/v2\/media\/151496"}],"wp:attachment":[{"href":"https:\/\/www.europesays.com\/pt\/wp-json\/wp\/v2\/media?parent=151495"}],"wp:term":[{"taxonomy":"category","embeddable":true,"href":"https:\/\/www.europesays.com\/pt\/wp-json\/wp\/v2\/categories?post=151495"},{"taxonomy":"post_tag","embeddable":true,"href":"https:\/\/www.europesays.com\/pt\/wp-json\/wp\/v2\/tags?post=151495"}],"curies":[{"name":"wp","href":"https:\/\/api.w.org\/{rel}","templated":true}]}}