{"id":151497,"date":"2025-11-14T09:29:26","date_gmt":"2025-11-14T09:29:26","guid":{"rendered":"https:\/\/www.europesays.com\/pt\/151497\/"},"modified":"2025-11-14T09:29:26","modified_gmt":"2025-11-14T09:29:26","slug":"filme-as-estacoes-exibido-em-alandroal-com-participacao-de-trigueirao-no-relheiro","status":"publish","type":"post","link":"https:\/\/www.europesays.com\/pt\/151497\/","title":{"rendered":"Filme \u00abAs Esta\u00e7\u00f5es\u00bb exibido em Alandroal com participa\u00e7\u00e3o de Trigueir\u00e3o no Relheiro"},"content":{"rendered":"<p>O F\u00f3rum Cultural de <a href=\"https:\/\/odigital.sapo.pt\/tag\/alandroal\/\" id=\"s-a-embed-691648349\" data-type=\"post_tag\" data-id=\"82\" rel=\"nofollow noopener\" target=\"_blank\">Alandroal<\/a> vai exibir o document\u00e1rio \u00abAs Esta\u00e7\u00f5es\u00bb no dia 21 de novembro, \u00e0s 21h30. A sess\u00e3o tem entrada livre.<\/p>\n<p>O filme, realizado por Maureen Fazendeiro, combina depoimentos de trabalhadores rurais, notas de campo de um casal de arque\u00f3logos, imagens de arquivo amador, desenhos <a href=\"https:\/\/www.facebook.com\/JornalODigital\" target=\"_blank\" rel=\"noreferrer noopener nofollow\">cient\u00edficos<\/a>, lendas, poemas e can\u00e7\u00f5es. A obra prop\u00f5e uma viagem pela hist\u00f3ria real e reinventada do Alentejo e das comunidades que o habitaram.<\/p>\n<p>A sess\u00e3o contar\u00e1 com a participa\u00e7\u00e3o de Trigueir\u00e3o no Relheiro, com a interpreta\u00e7\u00e3o de \u00abBandoleiro \u2013 O Charro\u00bb, com letra e m\u00fasica do pr\u00f3prio.<\/p>\n<p>O document\u00e1rio tem dura\u00e7\u00e3o de 82 minutos e classifica\u00e7\u00e3o et\u00e1ria M\/12.<\/p>\n","protected":false},"excerpt":{"rendered":"O F\u00f3rum Cultural de Alandroal vai exibir o document\u00e1rio \u00abAs Esta\u00e7\u00f5es\u00bb no dia 21 de novembro, \u00e0s 21h30.&hellip;\n","protected":false},"author":2,"featured_media":151498,"comment_status":"","ping_status":"","sticky":false,"template":"","format":"standard","meta":{"footnotes":""},"categories":[140],"tags":[114,115,147,148,146,32,33],"class_list":{"0":"post-151497","1":"post","2":"type-post","3":"status-publish","4":"format-standard","5":"has-post-thumbnail","7":"category-filmes","8":"tag-entertainment","9":"tag-entretenimento","10":"tag-film","11":"tag-filmes","12":"tag-movies","13":"tag-portugal","14":"tag-pt"},"share_on_mastodon":{"url":"https:\/\/pubeurope.com\/@pt\/115547351612072255","error":""},"_links":{"self":[{"href":"https:\/\/www.europesays.com\/pt\/wp-json\/wp\/v2\/posts\/151497","targetHints":{"allow":["GET"]}}],"collection":[{"href":"https:\/\/www.europesays.com\/pt\/wp-json\/wp\/v2\/posts"}],"about":[{"href":"https:\/\/www.europesays.com\/pt\/wp-json\/wp\/v2\/types\/post"}],"author":[{"embeddable":true,"href":"https:\/\/www.europesays.com\/pt\/wp-json\/wp\/v2\/users\/2"}],"replies":[{"embeddable":true,"href":"https:\/\/www.europesays.com\/pt\/wp-json\/wp\/v2\/comments?post=151497"}],"version-history":[{"count":0,"href":"https:\/\/www.europesays.com\/pt\/wp-json\/wp\/v2\/posts\/151497\/revisions"}],"wp:featuredmedia":[{"embeddable":true,"href":"https:\/\/www.europesays.com\/pt\/wp-json\/wp\/v2\/media\/151498"}],"wp:attachment":[{"href":"https:\/\/www.europesays.com\/pt\/wp-json\/wp\/v2\/media?parent=151497"}],"wp:term":[{"taxonomy":"category","embeddable":true,"href":"https:\/\/www.europesays.com\/pt\/wp-json\/wp\/v2\/categories?post=151497"},{"taxonomy":"post_tag","embeddable":true,"href":"https:\/\/www.europesays.com\/pt\/wp-json\/wp\/v2\/tags?post=151497"}],"curies":[{"name":"wp","href":"https:\/\/api.w.org\/{rel}","templated":true}]}}